{"id":964,"date":"2019-03-08T11:57:14","date_gmt":"2019-03-08T10:57:14","guid":{"rendered":"https:\/\/letocar.com\/?p=964"},"modified":"2019-03-21T15:37:03","modified_gmt":"2019-03-21T14:37:03","slug":"fiat-abarth-750","status":"publish","type":"post","link":"https:\/\/letocar.com\/pt-pt\/fiat-abarth-750\/","title":{"rendered":"Fiat Abarth 750"},"content":{"rendered":"<p><a href=\"https:\/\/letocar.com\/wp-content\/uploads\/2019\/02\/Fiat-Abarth-750.jpg\"><img decoding=\"async\" src=\"https:\/\/letocar.com\/wp-content\/uploads\/2019\/02\/Fiat-Abarth-750.jpg\" alt=\"Fiat Abarth 750\" width=\"1280\" height=\"736\" class=\"aligncenter size-full wp-image-85\" \/><\/a><\/p>\n<p>O Fiat-Abarth 750 \u00e9 uma s\u00e9rie de carros desportivos compactos fabricados pela empresa italiana Abarth &#038; C. de Turim, It\u00e1lia, nos anos 50 e 60. Os carros usaram a plataforma e muitas vezes o corpo do Fiat 600, mas foram equipados com os motores modificados da Abarth. Abarth tamb\u00e9m ofereceu uma s\u00e9rie de corpos de outros designers para os 750 e seus derivados, entre os quais se destacam Zagato, mas tamb\u00e9m Allemano e outros.<\/p>\n<p>Havia tamb\u00e9m outros derivativos, que foram vendidos como o Fiat-Abarth 850, o Fiat-Abarth 1000 e o Abarth Monomille (1000 pushrod). Para a \u00e9poca de corridas do Gran Turismo de 1960, as classes foram alteradas para menos de 700 ou menos de 1000 cc, enquanto nas competi\u00e7\u00f5es nacionais havia tamb\u00e9m uma classe de 850 cc. Abarth respondeu com motores adequados para as novas classes, embora seja poss\u00edvel que os 700 s\u00f3 tenham sido constru\u00eddos em um ou dois exemplos. Dependendo do estado da afina\u00e7\u00e3o, foram dadas letras adicionais aos seus nomes, tais como TC ou TCR. Uma vers\u00e3o de c\u00e2mara dupla, a &#8220;Bialbero&#8221;, tamb\u00e9m foi produzida.<\/p>\n","protected":false},"excerpt":{"rendered":"<p><a href=\"https:\/\/letocar.com\/wp-content\/uploads\/2019\/02\/Fiat-Abarth-750.jpg\"><\/a><\/p>\n<p>O Fiat-Abarth 750 \u00e9 uma s\u00e9rie de carros desportivos compactos fabricados pela empresa italiana Abarth &#038; C. de Turim, It\u00e1lia, nos anos 50  &#8230; <a href=\"https:\/\/letocar.com\/pt-pt\/fiat-abarth-750\/\" class=\"read-more\"> Leia mais &#8220;<\/a><\/p>\n","protected":false},"author":1,"featured_media":587,"comment_status":"open","ping_status":"open","sticky":false,"template":"","format":"standard","meta":{"_acf_changed":false,"footnotes":""},"categories":[81,208,82],"tags":[137,56,84],"class_list":["post-964","post","type-post","status-publish","format-standard","has-post-thumbnail","hentry","category-a-pt-pt-3","category-abarth-pt-pt","category-automoveis-pt-pt","tag-1957-pt-pt","tag-abarth-pt-pt-2","tag-abarth-pt-pt-3"],"acf":[],"yoast_head":"<!-- This site is optimized with the Yoast SEO plugin v25.3.1 - https:\/\/yoast.com\/wordpress\/plugins\/seo\/ -->\n<title>Fiat Abarth 750 - Letocar<\/title>\n<meta name=\"robots\" content=\"index, follow, max-snippet:-1, max-image-preview:large, max-video-preview:-1\" \/>\n<link rel=\"canonical\" href=\"https:\/\/letocar.com\/pt-pt\/fiat-abarth-750\/\" \/>\n<meta property=\"og:locale\" content=\"pt_PT\" \/>\n<meta property=\"og:type\" content=\"article\" \/>\n<meta property=\"og:title\" content=\"Fiat Abarth 750 - Letocar\" \/>\n<meta property=\"og:description\" content=\"O Fiat-Abarth 750 \u00e9 uma s\u00e9rie de carros desportivos compactos fabricados pela empresa italiana Abarth &#038; C. de Turim, It\u00e1lia, nos anos 50 ... Leia mais &quot;\" \/>\n<meta property=\"og:url\" content=\"https:\/\/letocar.com\/pt-pt\/fiat-abarth-750\/\" \/>\n<meta property=\"og:site_name\" content=\"Letocar\" \/>\n<meta property=\"article:published_time\" content=\"2019-03-08T10:57:14+00:00\" \/>\n<meta property=\"article:modified_time\" content=\"2019-03-21T14:37:03+00:00\" \/>\n<meta property=\"og:image\" content=\"https:\/\/letocar.com\/wp-content\/uploads\/2019\/03\/Fiat-Abarth-750.jpg\" \/>\n\t<meta property=\"og:image:width\" content=\"1280\" \/>\n\t<meta property=\"og:image:height\" content=\"736\" \/>\n\t<meta property=\"og:image:type\" content=\"image\/jpeg\" \/>\n<meta name=\"author\" content=\"letocar\" \/>\n<meta name=\"twitter:card\" content=\"summary_large_image\" \/>\n<meta name=\"twitter:label1\" content=\"Escrito por\" \/>\n\t<meta name=\"twitter:data1\" content=\"letocar\" \/>\n\t<meta name=\"twitter:label2\" content=\"Tempo estimado de leitura\" \/>\n\t<meta name=\"twitter:data2\" content=\"1 minuto\" \/>\n<script type=\"application\/ld+json\" class=\"yoast-schema-graph\">{\"@context\":\"https:\/\/schema.org\",\"@graph\":[{\"@type\":\"Article\",\"@id\":\"https:\/\/letocar.com\/pt-pt\/fiat-abarth-750\/#article\",\"isPartOf\":{\"@id\":\"https:\/\/letocar.com\/pt-pt\/fiat-abarth-750\/\"},\"author\":{\"name\":\"letocar\",\"@id\":\"https:\/\/letocar.com\/pt-pt\/#\/schema\/person\/e07fbbf870bfde1ff50b996fb4364505\"},\"headline\":\"Fiat Abarth 750\",\"datePublished\":\"2019-03-08T10:57:14+00:00\",\"dateModified\":\"2019-03-21T14:37:03+00:00\",\"mainEntityOfPage\":{\"@id\":\"https:\/\/letocar.com\/pt-pt\/fiat-abarth-750\/\"},\"wordCount\":180,\"commentCount\":0,\"publisher\":{\"@id\":\"https:\/\/letocar.com\/pt-pt\/#\/schema\/person\/e07fbbf870bfde1ff50b996fb4364505\"},\"image\":{\"@id\":\"https:\/\/letocar.com\/pt-pt\/fiat-abarth-750\/#primaryimage\"},\"thumbnailUrl\":\"https:\/\/letocar.com\/wp-content\/uploads\/2019\/03\/Fiat-Abarth-750.jpg\",\"keywords\":[\"1957\",\"Abarth\",\"Abarth\"],\"articleSection\":[\"A\",\"Abarth\",\"Autom\u00f3veis\"],\"inLanguage\":\"pt-PT\",\"potentialAction\":[{\"@type\":\"CommentAction\",\"name\":\"Comment\",\"target\":[\"https:\/\/letocar.com\/pt-pt\/fiat-abarth-750\/#respond\"]}]},{\"@type\":\"WebPage\",\"@id\":\"https:\/\/letocar.com\/pt-pt\/fiat-abarth-750\/\",\"url\":\"https:\/\/letocar.com\/pt-pt\/fiat-abarth-750\/\",\"name\":\"Fiat Abarth 750 - Letocar\",\"isPartOf\":{\"@id\":\"https:\/\/letocar.com\/pt-pt\/#website\"},\"primaryImageOfPage\":{\"@id\":\"https:\/\/letocar.com\/pt-pt\/fiat-abarth-750\/#primaryimage\"},\"image\":{\"@id\":\"https:\/\/letocar.com\/pt-pt\/fiat-abarth-750\/#primaryimage\"},\"thumbnailUrl\":\"https:\/\/letocar.com\/wp-content\/uploads\/2019\/03\/Fiat-Abarth-750.jpg\",\"datePublished\":\"2019-03-08T10:57:14+00:00\",\"dateModified\":\"2019-03-21T14:37:03+00:00\",\"breadcrumb\":{\"@id\":\"https:\/\/letocar.com\/pt-pt\/fiat-abarth-750\/#breadcrumb\"},\"inLanguage\":\"pt-PT\",\"potentialAction\":[{\"@type\":\"ReadAction\",\"target\":[\"https:\/\/letocar.com\/pt-pt\/fiat-abarth-750\/\"]}]},{\"@type\":\"ImageObject\",\"inLanguage\":\"pt-PT\",\"@id\":\"https:\/\/letocar.com\/pt-pt\/fiat-abarth-750\/#primaryimage\",\"url\":\"https:\/\/letocar.com\/wp-content\/uploads\/2019\/03\/Fiat-Abarth-750.jpg\",\"contentUrl\":\"https:\/\/letocar.com\/wp-content\/uploads\/2019\/03\/Fiat-Abarth-750.jpg\",\"width\":1280,\"height\":736},{\"@type\":\"BreadcrumbList\",\"@id\":\"https:\/\/letocar.com\/pt-pt\/fiat-abarth-750\/#breadcrumb\",\"itemListElement\":[{\"@type\":\"ListItem\",\"position\":1,\"name\":\"Portada\",\"item\":\"https:\/\/letocar.com\/pt-pt\/marca-e-modelos\/\"},{\"@type\":\"ListItem\",\"position\":2,\"name\":\"Fiat Abarth 750\"}]},{\"@type\":\"WebSite\",\"@id\":\"https:\/\/letocar.com\/pt-pt\/#website\",\"url\":\"https:\/\/letocar.com\/pt-pt\/\",\"name\":\"Letocar\",\"description\":\"Marcas de autom\u00f3veis\",\"publisher\":{\"@id\":\"https:\/\/letocar.com\/pt-pt\/#\/schema\/person\/e07fbbf870bfde1ff50b996fb4364505\"},\"potentialAction\":[{\"@type\":\"SearchAction\",\"target\":{\"@type\":\"EntryPoint\",\"urlTemplate\":\"https:\/\/letocar.com\/pt-pt\/?s={search_term_string}\"},\"query-input\":{\"@type\":\"PropertyValueSpecification\",\"valueRequired\":true,\"valueName\":\"search_term_string\"}}],\"inLanguage\":\"pt-PT\"},{\"@type\":[\"Person\",\"Organization\"],\"@id\":\"https:\/\/letocar.com\/pt-pt\/#\/schema\/person\/e07fbbf870bfde1ff50b996fb4364505\",\"name\":\"letocar\",\"image\":{\"@type\":\"ImageObject\",\"inLanguage\":\"pt-PT\",\"@id\":\"https:\/\/letocar.com\/pt-pt\/#\/schema\/person\/image\/\",\"url\":\"https:\/\/secure.gravatar.com\/avatar\/b08c9d4ae58d95ca8255e54f1b013571a142c6ad94983f02479bce2860597a63?s=96&d=mm&r=g\",\"contentUrl\":\"https:\/\/secure.gravatar.com\/avatar\/b08c9d4ae58d95ca8255e54f1b013571a142c6ad94983f02479bce2860597a63?s=96&d=mm&r=g\",\"caption\":\"letocar\"},\"logo\":{\"@id\":\"https:\/\/letocar.com\/pt-pt\/#\/schema\/person\/image\/\"}}]}<\/script>\n<!-- \/ Yoast SEO plugin. -->","yoast_head_json":{"title":"Fiat Abarth 750 - Letocar","robots":{"index":"index","follow":"follow","max-snippet":"max-snippet:-1","max-image-preview":"max-image-preview:large","max-video-preview":"max-video-preview:-1"},"canonical":"https:\/\/letocar.com\/pt-pt\/fiat-abarth-750\/","og_locale":"pt_PT","og_type":"article","og_title":"Fiat Abarth 750 - Letocar","og_description":"O Fiat-Abarth 750 \u00e9 uma s\u00e9rie de carros desportivos compactos fabricados pela empresa italiana Abarth &#038; C. de Turim, It\u00e1lia, nos anos 50 ... Leia mais \"","og_url":"https:\/\/letocar.com\/pt-pt\/fiat-abarth-750\/","og_site_name":"Letocar","article_published_time":"2019-03-08T10:57:14+00:00","article_modified_time":"2019-03-21T14:37:03+00:00","og_image":[{"width":1280,"height":736,"url":"https:\/\/letocar.com\/wp-content\/uploads\/2019\/03\/Fiat-Abarth-750.jpg","type":"image\/jpeg"}],"author":"letocar","twitter_card":"summary_large_image","twitter_misc":{"Escrito por":"letocar","Tempo estimado de leitura":"1 minuto"},"schema":{"@context":"https:\/\/schema.org","@graph":[{"@type":"Article","@id":"https:\/\/letocar.com\/pt-pt\/fiat-abarth-750\/#article","isPartOf":{"@id":"https:\/\/letocar.com\/pt-pt\/fiat-abarth-750\/"},"author":{"name":"letocar","@id":"https:\/\/letocar.com\/pt-pt\/#\/schema\/person\/e07fbbf870bfde1ff50b996fb4364505"},"headline":"Fiat Abarth 750","datePublished":"2019-03-08T10:57:14+00:00","dateModified":"2019-03-21T14:37:03+00:00","mainEntityOfPage":{"@id":"https:\/\/letocar.com\/pt-pt\/fiat-abarth-750\/"},"wordCount":180,"commentCount":0,"publisher":{"@id":"https:\/\/letocar.com\/pt-pt\/#\/schema\/person\/e07fbbf870bfde1ff50b996fb4364505"},"image":{"@id":"https:\/\/letocar.com\/pt-pt\/fiat-abarth-750\/#primaryimage"},"thumbnailUrl":"https:\/\/letocar.com\/wp-content\/uploads\/2019\/03\/Fiat-Abarth-750.jpg","keywords":["1957","Abarth","Abarth"],"articleSection":["A","Abarth","Autom\u00f3veis"],"inLanguage":"pt-PT","potentialAction":[{"@type":"CommentAction","name":"Comment","target":["https:\/\/letocar.com\/pt-pt\/fiat-abarth-750\/#respond"]}]},{"@type":"WebPage","@id":"https:\/\/letocar.com\/pt-pt\/fiat-abarth-750\/","url":"https:\/\/letocar.com\/pt-pt\/fiat-abarth-750\/","name":"Fiat Abarth 750 - Letocar","isPartOf":{"@id":"https:\/\/letocar.com\/pt-pt\/#website"},"primaryImageOfPage":{"@id":"https:\/\/letocar.com\/pt-pt\/fiat-abarth-750\/#primaryimage"},"image":{"@id":"https:\/\/letocar.com\/pt-pt\/fiat-abarth-750\/#primaryimage"},"thumbnailUrl":"https:\/\/letocar.com\/wp-content\/uploads\/2019\/03\/Fiat-Abarth-750.jpg","datePublished":"2019-03-08T10:57:14+00:00","dateModified":"2019-03-21T14:37:03+00:00","breadcrumb":{"@id":"https:\/\/letocar.com\/pt-pt\/fiat-abarth-750\/#breadcrumb"},"inLanguage":"pt-PT","potentialAction":[{"@type":"ReadAction","target":["https:\/\/letocar.com\/pt-pt\/fiat-abarth-750\/"]}]},{"@type":"ImageObject","inLanguage":"pt-PT","@id":"https:\/\/letocar.com\/pt-pt\/fiat-abarth-750\/#primaryimage","url":"https:\/\/letocar.com\/wp-content\/uploads\/2019\/03\/Fiat-Abarth-750.jpg","contentUrl":"https:\/\/letocar.com\/wp-content\/uploads\/2019\/03\/Fiat-Abarth-750.jpg","width":1280,"height":736},{"@type":"BreadcrumbList","@id":"https:\/\/letocar.com\/pt-pt\/fiat-abarth-750\/#breadcrumb","itemListElement":[{"@type":"ListItem","position":1,"name":"Portada","item":"https:\/\/letocar.com\/pt-pt\/marca-e-modelos\/"},{"@type":"ListItem","position":2,"name":"Fiat Abarth 750"}]},{"@type":"WebSite","@id":"https:\/\/letocar.com\/pt-pt\/#website","url":"https:\/\/letocar.com\/pt-pt\/","name":"Letocar","description":"Marcas de autom\u00f3veis","publisher":{"@id":"https:\/\/letocar.com\/pt-pt\/#\/schema\/person\/e07fbbf870bfde1ff50b996fb4364505"},"potentialAction":[{"@type":"SearchAction","target":{"@type":"EntryPoint","urlTemplate":"https:\/\/letocar.com\/pt-pt\/?s={search_term_string}"},"query-input":{"@type":"PropertyValueSpecification","valueRequired":true,"valueName":"search_term_string"}}],"inLanguage":"pt-PT"},{"@type":["Person","Organization"],"@id":"https:\/\/letocar.com\/pt-pt\/#\/schema\/person\/e07fbbf870bfde1ff50b996fb4364505","name":"letocar","image":{"@type":"ImageObject","inLanguage":"pt-PT","@id":"https:\/\/letocar.com\/pt-pt\/#\/schema\/person\/image\/","url":"https:\/\/secure.gravatar.com\/avatar\/b08c9d4ae58d95ca8255e54f1b013571a142c6ad94983f02479bce2860597a63?s=96&d=mm&r=g","contentUrl":"https:\/\/secure.gravatar.com\/avatar\/b08c9d4ae58d95ca8255e54f1b013571a142c6ad94983f02479bce2860597a63?s=96&d=mm&r=g","caption":"letocar"},"logo":{"@id":"https:\/\/letocar.com\/pt-pt\/#\/schema\/person\/image\/"}}]}},"_links":{"self":[{"href":"https:\/\/letocar.com\/pt-pt\/wp-json\/wp\/v2\/posts\/964","targetHints":{"allow":["GET"]}}],"collection":[{"href":"https:\/\/letocar.com\/pt-pt\/wp-json\/wp\/v2\/posts"}],"about":[{"href":"https:\/\/letocar.com\/pt-pt\/wp-json\/wp\/v2\/types\/post"}],"author":[{"embeddable":true,"href":"https:\/\/letocar.com\/pt-pt\/wp-json\/wp\/v2\/users\/1"}],"replies":[{"embeddable":true,"href":"https:\/\/letocar.com\/pt-pt\/wp-json\/wp\/v2\/comments?post=964"}],"version-history":[{"count":0,"href":"https:\/\/letocar.com\/pt-pt\/wp-json\/wp\/v2\/posts\/964\/revisions"}],"wp:featuredmedia":[{"embeddable":true,"href":"https:\/\/letocar.com\/pt-pt\/wp-json\/wp\/v2\/media\/587"}],"wp:attachment":[{"href":"https:\/\/letocar.com\/pt-pt\/wp-json\/wp\/v2\/media?parent=964"}],"wp:term":[{"taxonomy":"category","embeddable":true,"href":"https:\/\/letocar.com\/pt-pt\/wp-json\/wp\/v2\/categories?post=964"},{"taxonomy":"post_tag","embeddable":true,"href":"https:\/\/letocar.com\/pt-pt\/wp-json\/wp\/v2\/tags?post=964"}],"curies":[{"name":"wp","href":"https:\/\/api.w.org\/{rel}","templated":true}]}}