{"id":2819,"date":"2019-05-27T21:25:50","date_gmt":"2019-05-27T19:25:50","guid":{"rendered":"https:\/\/letocar.com\/?p=2819"},"modified":"2019-05-27T21:25:50","modified_gmt":"2019-05-27T19:25:50","slug":"abt-volkswagen-golf-vi-gti","status":"publish","type":"post","link":"https:\/\/letocar.com\/pt-pt\/abt-volkswagen-golf-vi-gti\/","title":{"rendered":"Abt Volkswagen Golf VI GTI"},"content":{"rendered":"<p><a href=\"https:\/\/letocar.com\/wp-content\/uploads\/2019\/05\/Abt-Volkswagen-Golf-VI-GTI-Front-Angle.jpg\"><img decoding=\"async\" src=\"https:\/\/letocar.com\/wp-content\/uploads\/2019\/05\/Abt-Volkswagen-Golf-VI-GTI-Front-Angle.jpg\" alt=\"Abt-Volkswagen-Golf-VI-GTI---Front-Angle\" width=\"1704\" height=\"1101\" class=\"aligncenter size-full wp-image-2800\" srcset=\"https:\/\/letocar.com\/wp-content\/uploads\/2019\/05\/Abt-Volkswagen-Golf-VI-GTI-Front-Angle.jpg 1704w, https:\/\/letocar.com\/wp-content\/uploads\/2019\/05\/Abt-Volkswagen-Golf-VI-GTI-Front-Angle-300x194.jpg 300w, https:\/\/letocar.com\/wp-content\/uploads\/2019\/05\/Abt-Volkswagen-Golf-VI-GTI-Front-Angle-768x496.jpg 768w, https:\/\/letocar.com\/wp-content\/uploads\/2019\/05\/Abt-Volkswagen-Golf-VI-GTI-Front-Angle-1024x662.jpg 1024w, https:\/\/letocar.com\/wp-content\/uploads\/2019\/05\/Abt-Volkswagen-Golf-VI-GTI-Front-Angle-700x452.jpg 700w\" sizes=\"(max-width: 1704px) 100vw, 1704px\" \/><\/a><\/p>\n<h3>Golfe incompar\u00e1vel &#8211; O Abt Volkswagen Golf VI GTI.<\/h3>\n<p>A ABT Sportsline personaliza ve\u00edculos h\u00e1 cinco d\u00e9cadas e, mesmo a tempo do anivers\u00e1rio, a Allg\u00e4u apresenta o novo e sexto GTI. Os &#8220;Golfs&#8221; desportivos e r\u00e1pidos, em particular, carregam estas tr\u00eas cartas desde 1976. ABT era o lugar para todos os que queriam mais dinamismo e divers\u00e3o ao volante desde o in\u00edcio. A \u00faltima gera\u00e7\u00e3o do carro desportivo compacto traz tamb\u00e9m a abreviatura m\u00e1gica e, claro, est\u00e1 agora dispon\u00edvel numa impressionante vers\u00e3o ABT. A pot\u00eancia do motor \u00e9 impressionante, porque gra\u00e7as \u00e0 gest\u00e3o optimizada do motor (ABT POWER), a pot\u00eancia standard de 210 cv (154 kW) torna-se uma pot\u00eancia din\u00e2mica de 260 cv (191 kW). ABT POWER S aquece ainda mais o GTI: um novo turboalimentador, &#8220;Made in <a href=\"https:\/\/pt.wikipedia.org\/wiki\/Kempten\" rel=\"noopener noreferrer\" target=\"_blank\">Kempten<\/a>&#8220;, \u00e9 usado adicionalmente neste caso. <\/p>\n<p>A ETI 2.0 tem uma pot\u00eancia de 300 CV (221 kW) e acelera de zero a 100 km\/h em cerca de seis segundos. Gra\u00e7as aos amortecedores ABT, o centro de gravidade do GTI \u00e9 30 mm mais baixo, pelo que o Abt Volkswagen Golf VI GTI pode ser conduzido de forma ainda mais desportiva. A configura\u00e7\u00e3o do chassis, que foi desenhada por Christian Abt, \u00e9 especialmente divertida em estradas sinuosas. E no caso extremo, o potente sistema de travagem ABT tamb\u00e9m \u00e9 activado. <\/p>\n<p>Mas um Abt Volkswagen Golf VI GTI n\u00e3o \u00e9 apenas um carro com equipamento desportivo para a estrada, \u00e9 tamb\u00e9m um verdadeiro carro desportivo: o spoiler traseiro e a superestrutura do spoiler traseiro, os moldes laterais, a grelha e o spoiler dianteiros, bem como o sistema de escape diagonal de 4 tubos formam uma \u00fanica unidade. Os engenheiros da ABT tamb\u00e9m projetaram um perfil frontal, que fornece grande pot\u00eancia em combina\u00e7\u00e3o com o avental frontal e a l\u00e2mpada de funcionamento diurno ABT. <\/p>\n<p>O esquema de cores igualmente elegante e expressivo combina perfeitamente: a pintura cinza metalizada em a\u00e7o carbono combina perfeitamente com as molduras laterais e o perfil frontal vermelho proporciona um elevado contraste de cores.<\/p>\n<p><a href=\"https:\/\/letocar.com\/wp-content\/uploads\/2019\/05\/Abt-Volkswagen-Golf-VI-GTI-Rear-Angle.jpg\"><img decoding=\"async\" src=\"https:\/\/letocar.com\/wp-content\/uploads\/2019\/05\/Abt-Volkswagen-Golf-VI-GTI-Rear-Angle.jpg\" alt=\"Abt-Volkswagen-Golf-VI-GTI---Rear-Angle\" width=\"1845\" height=\"1185\" class=\"aligncenter size-full wp-image-2805\" srcset=\"https:\/\/letocar.com\/wp-content\/uploads\/2019\/05\/Abt-Volkswagen-Golf-VI-GTI-Rear-Angle.jpg 1845w, https:\/\/letocar.com\/wp-content\/uploads\/2019\/05\/Abt-Volkswagen-Golf-VI-GTI-Rear-Angle-300x193.jpg 300w, https:\/\/letocar.com\/wp-content\/uploads\/2019\/05\/Abt-Volkswagen-Golf-VI-GTI-Rear-Angle-768x493.jpg 768w, https:\/\/letocar.com\/wp-content\/uploads\/2019\/05\/Abt-Volkswagen-Golf-VI-GTI-Rear-Angle-1024x658.jpg 1024w, https:\/\/letocar.com\/wp-content\/uploads\/2019\/05\/Abt-Volkswagen-Golf-VI-GTI-Rear-Angle-700x450.jpg 700w\" sizes=\"(max-width: 1845px) 100vw, 1845px\" \/><\/a><\/p>\n<p>O design tamb\u00e9m permanece constante no interior, o ABT inunda o interior com mais detalhes em vermelho, para o painel de instrumentos ou para o volante.<\/p>\n<p>Um olhar sobre o carro desportivo de Allg\u00e4u dir-lhe-\u00e1 que \u00e9 mais do que um Golf GTI &#8220;normal&#8221;. <\/p>\n<p>(do comunicado de imprensa da Abt Sportsline)<\/p>\n<p><a href=\"https:\/\/letocar.com\/wp-content\/uploads\/2019\/05\/Abt-Volkswagen-Golf-VI-GTI-Interior.jpg\"><img decoding=\"async\" src=\"https:\/\/letocar.com\/wp-content\/uploads\/2019\/05\/Abt-Volkswagen-Golf-VI-GTI-Interior.jpg\" alt=\"Abt Volkswagen Golf VI GTI - Interior\" width=\"1273\" height=\"749\" class=\"aligncenter size-full wp-image-2810\" srcset=\"https:\/\/letocar.com\/wp-content\/uploads\/2019\/05\/Abt-Volkswagen-Golf-VI-GTI-Interior.jpg 1273w, https:\/\/letocar.com\/wp-content\/uploads\/2019\/05\/Abt-Volkswagen-Golf-VI-GTI-Interior-300x177.jpg 300w, https:\/\/letocar.com\/wp-content\/uploads\/2019\/05\/Abt-Volkswagen-Golf-VI-GTI-Interior-768x452.jpg 768w, https:\/\/letocar.com\/wp-content\/uploads\/2019\/05\/Abt-Volkswagen-Golf-VI-GTI-Interior-1024x602.jpg 1024w, https:\/\/letocar.com\/wp-content\/uploads\/2019\/05\/Abt-Volkswagen-Golf-VI-GTI-Interior-700x412.jpg 700w\" sizes=\"(max-width: 1273px) 100vw, 1273px\" \/><\/a><\/p>\n<p>Image Credits &#8211; Abt<\/p>\n","protected":false},"excerpt":{"rendered":"<p><a href=\"https:\/\/letocar.com\/wp-content\/uploads\/2019\/05\/Abt-Volkswagen-Golf-VI-GTI-Front-Angle.jpg\"><\/a><\/p>\n<p>Golfe incompar\u00e1vel &#8211; O Abt Volkswagen Golf VI GTI.<\/p>\n<p>A ABT Sportsline personaliza ve\u00edculos h\u00e1 cinco d\u00e9cadas e, mesmo a tempo do anivers\u00e1rio, a  &#8230; <a href=\"https:\/\/letocar.com\/pt-pt\/abt-volkswagen-golf-vi-gti\/\" class=\"read-more\"> Leia mais &#8220;<\/a><\/p>\n","protected":false},"author":1,"featured_media":2804,"comment_status":"open","ping_status":"open","sticky":false,"template":"","format":"standard","meta":{"_acf_changed":false,"footnotes":""},"categories":[81,228,82],"tags":[],"class_list":["post-2819","post","type-post","status-publish","format-standard","has-post-thumbnail","hentry","category-a-pt-pt-3","category-abt-a-pt-pt-3","category-automoveis-pt-pt"],"acf":[],"yoast_head":"<!-- This site is optimized with the Yoast SEO plugin v25.3.1 - https:\/\/yoast.com\/wordpress\/plugins\/seo\/ -->\n<title>Abt Volkswagen Golf VI GTI<\/title>\n<meta name=\"description\" content=\"Golfe incompar\u00e1vel - O Abt Volkswagen Golf VI GTI.A ABT Sportsline personaliza ve\u00edculos h\u00e1 cinco d\u00e9cadas e, mesmo a tempo do anivers\u00e1rio\" \/>\n<meta name=\"robots\" content=\"index, follow, max-snippet:-1, max-image-preview:large, max-video-preview:-1\" \/>\n<link rel=\"canonical\" href=\"https:\/\/letocar.com\/pt-pt\/abt-volkswagen-golf-vi-gti\/\" \/>\n<meta property=\"og:locale\" content=\"pt_PT\" \/>\n<meta property=\"og:type\" content=\"article\" \/>\n<meta property=\"og:title\" content=\"Abt Volkswagen Golf VI GTI\" \/>\n<meta property=\"og:description\" content=\"Golfe incompar\u00e1vel - O Abt Volkswagen Golf VI GTI.A ABT Sportsline personaliza ve\u00edculos h\u00e1 cinco d\u00e9cadas e, mesmo a tempo do anivers\u00e1rio\" \/>\n<meta property=\"og:url\" content=\"https:\/\/letocar.com\/pt-pt\/abt-volkswagen-golf-vi-gti\/\" \/>\n<meta property=\"og:site_name\" content=\"Letocar\" \/>\n<meta property=\"article:published_time\" content=\"2019-05-27T19:25:50+00:00\" \/>\n<meta property=\"og:image\" content=\"https:\/\/letocar.com\/wp-content\/uploads\/2019\/05\/Abt-Volkswagen-Golf-VI-GTI-Front-Angle.jpg\" \/>\n\t<meta property=\"og:image:width\" content=\"1704\" \/>\n\t<meta property=\"og:image:height\" content=\"1101\" \/>\n\t<meta property=\"og:image:type\" content=\"image\/jpeg\" \/>\n<meta name=\"author\" content=\"letocar\" \/>\n<meta name=\"twitter:card\" content=\"summary_large_image\" \/>\n<meta name=\"twitter:label1\" content=\"Escrito por\" \/>\n\t<meta name=\"twitter:data1\" content=\"letocar\" \/>\n\t<meta name=\"twitter:label2\" content=\"Tempo estimado de leitura\" \/>\n\t<meta name=\"twitter:data2\" content=\"2 minutos\" \/>\n<script type=\"application\/ld+json\" class=\"yoast-schema-graph\">{\"@context\":\"https:\/\/schema.org\",\"@graph\":[{\"@type\":\"Article\",\"@id\":\"https:\/\/letocar.com\/pt-pt\/abt-volkswagen-golf-vi-gti\/#article\",\"isPartOf\":{\"@id\":\"https:\/\/letocar.com\/pt-pt\/abt-volkswagen-golf-vi-gti\/\"},\"author\":{\"name\":\"letocar\",\"@id\":\"https:\/\/letocar.com\/pt-pt\/#\/schema\/person\/e07fbbf870bfde1ff50b996fb4364505\"},\"headline\":\"Abt Volkswagen Golf VI GTI\",\"datePublished\":\"2019-05-27T19:25:50+00:00\",\"mainEntityOfPage\":{\"@id\":\"https:\/\/letocar.com\/pt-pt\/abt-volkswagen-golf-vi-gti\/\"},\"wordCount\":407,\"commentCount\":0,\"publisher\":{\"@id\":\"https:\/\/letocar.com\/pt-pt\/#\/schema\/person\/e07fbbf870bfde1ff50b996fb4364505\"},\"image\":{\"@id\":\"https:\/\/letocar.com\/pt-pt\/abt-volkswagen-golf-vi-gti\/#primaryimage\"},\"thumbnailUrl\":\"https:\/\/letocar.com\/wp-content\/uploads\/2019\/05\/Abt-Volkswagen-Golf-VI-GTI-Front-Angle.jpg\",\"articleSection\":[\"A\",\"Abt\",\"Autom\u00f3veis\"],\"inLanguage\":\"pt-PT\",\"potentialAction\":[{\"@type\":\"CommentAction\",\"name\":\"Comment\",\"target\":[\"https:\/\/letocar.com\/pt-pt\/abt-volkswagen-golf-vi-gti\/#respond\"]}]},{\"@type\":\"WebPage\",\"@id\":\"https:\/\/letocar.com\/pt-pt\/abt-volkswagen-golf-vi-gti\/\",\"url\":\"https:\/\/letocar.com\/pt-pt\/abt-volkswagen-golf-vi-gti\/\",\"name\":\"Abt Volkswagen Golf VI GTI\",\"isPartOf\":{\"@id\":\"https:\/\/letocar.com\/pt-pt\/#website\"},\"primaryImageOfPage\":{\"@id\":\"https:\/\/letocar.com\/pt-pt\/abt-volkswagen-golf-vi-gti\/#primaryimage\"},\"image\":{\"@id\":\"https:\/\/letocar.com\/pt-pt\/abt-volkswagen-golf-vi-gti\/#primaryimage\"},\"thumbnailUrl\":\"https:\/\/letocar.com\/wp-content\/uploads\/2019\/05\/Abt-Volkswagen-Golf-VI-GTI-Front-Angle.jpg\",\"datePublished\":\"2019-05-27T19:25:50+00:00\",\"description\":\"Golfe incompar\u00e1vel - O Abt Volkswagen Golf VI GTI.A ABT Sportsline personaliza ve\u00edculos h\u00e1 cinco d\u00e9cadas e, mesmo a tempo do anivers\u00e1rio\",\"breadcrumb\":{\"@id\":\"https:\/\/letocar.com\/pt-pt\/abt-volkswagen-golf-vi-gti\/#breadcrumb\"},\"inLanguage\":\"pt-PT\",\"potentialAction\":[{\"@type\":\"ReadAction\",\"target\":[\"https:\/\/letocar.com\/pt-pt\/abt-volkswagen-golf-vi-gti\/\"]}]},{\"@type\":\"ImageObject\",\"inLanguage\":\"pt-PT\",\"@id\":\"https:\/\/letocar.com\/pt-pt\/abt-volkswagen-golf-vi-gti\/#primaryimage\",\"url\":\"https:\/\/letocar.com\/wp-content\/uploads\/2019\/05\/Abt-Volkswagen-Golf-VI-GTI-Front-Angle.jpg\",\"contentUrl\":\"https:\/\/letocar.com\/wp-content\/uploads\/2019\/05\/Abt-Volkswagen-Golf-VI-GTI-Front-Angle.jpg\",\"width\":1704,\"height\":1101,\"caption\":\"Abt-Volkswagen-Golf-VI-GTI---Front-Angle\"},{\"@type\":\"BreadcrumbList\",\"@id\":\"https:\/\/letocar.com\/pt-pt\/abt-volkswagen-golf-vi-gti\/#breadcrumb\",\"itemListElement\":[{\"@type\":\"ListItem\",\"position\":1,\"name\":\"Portada\",\"item\":\"https:\/\/letocar.com\/pt-pt\/marca-e-modelos\/\"},{\"@type\":\"ListItem\",\"position\":2,\"name\":\"Abt Volkswagen Golf VI GTI\"}]},{\"@type\":\"WebSite\",\"@id\":\"https:\/\/letocar.com\/pt-pt\/#website\",\"url\":\"https:\/\/letocar.com\/pt-pt\/\",\"name\":\"Letocar\",\"description\":\"Marcas de autom\u00f3veis\",\"publisher\":{\"@id\":\"https:\/\/letocar.com\/pt-pt\/#\/schema\/person\/e07fbbf870bfde1ff50b996fb4364505\"},\"potentialAction\":[{\"@type\":\"SearchAction\",\"target\":{\"@type\":\"EntryPoint\",\"urlTemplate\":\"https:\/\/letocar.com\/pt-pt\/?s={search_term_string}\"},\"query-input\":{\"@type\":\"PropertyValueSpecification\",\"valueRequired\":true,\"valueName\":\"search_term_string\"}}],\"inLanguage\":\"pt-PT\"},{\"@type\":[\"Person\",\"Organization\"],\"@id\":\"https:\/\/letocar.com\/pt-pt\/#\/schema\/person\/e07fbbf870bfde1ff50b996fb4364505\",\"name\":\"letocar\",\"image\":{\"@type\":\"ImageObject\",\"inLanguage\":\"pt-PT\",\"@id\":\"https:\/\/letocar.com\/pt-pt\/#\/schema\/person\/image\/\",\"url\":\"https:\/\/secure.gravatar.com\/avatar\/b08c9d4ae58d95ca8255e54f1b013571a142c6ad94983f02479bce2860597a63?s=96&d=mm&r=g\",\"contentUrl\":\"https:\/\/secure.gravatar.com\/avatar\/b08c9d4ae58d95ca8255e54f1b013571a142c6ad94983f02479bce2860597a63?s=96&d=mm&r=g\",\"caption\":\"letocar\"},\"logo\":{\"@id\":\"https:\/\/letocar.com\/pt-pt\/#\/schema\/person\/image\/\"}}]}<\/script>\n<!-- \/ Yoast SEO plugin. -->","yoast_head_json":{"title":"Abt Volkswagen Golf VI GTI","description":"Golfe incompar\u00e1vel - O Abt Volkswagen Golf VI GTI.A ABT Sportsline personaliza ve\u00edculos h\u00e1 cinco d\u00e9cadas e, mesmo a tempo do anivers\u00e1rio","robots":{"index":"index","follow":"follow","max-snippet":"max-snippet:-1","max-image-preview":"max-image-preview:large","max-video-preview":"max-video-preview:-1"},"canonical":"https:\/\/letocar.com\/pt-pt\/abt-volkswagen-golf-vi-gti\/","og_locale":"pt_PT","og_type":"article","og_title":"Abt Volkswagen Golf VI GTI","og_description":"Golfe incompar\u00e1vel - O Abt Volkswagen Golf VI GTI.A ABT Sportsline personaliza ve\u00edculos h\u00e1 cinco d\u00e9cadas e, mesmo a tempo do anivers\u00e1rio","og_url":"https:\/\/letocar.com\/pt-pt\/abt-volkswagen-golf-vi-gti\/","og_site_name":"Letocar","article_published_time":"2019-05-27T19:25:50+00:00","og_image":[{"width":1704,"height":1101,"url":"https:\/\/letocar.com\/wp-content\/uploads\/2019\/05\/Abt-Volkswagen-Golf-VI-GTI-Front-Angle.jpg","type":"image\/jpeg"}],"author":"letocar","twitter_card":"summary_large_image","twitter_misc":{"Escrito por":"letocar","Tempo estimado de leitura":"2 minutos"},"schema":{"@context":"https:\/\/schema.org","@graph":[{"@type":"Article","@id":"https:\/\/letocar.com\/pt-pt\/abt-volkswagen-golf-vi-gti\/#article","isPartOf":{"@id":"https:\/\/letocar.com\/pt-pt\/abt-volkswagen-golf-vi-gti\/"},"author":{"name":"letocar","@id":"https:\/\/letocar.com\/pt-pt\/#\/schema\/person\/e07fbbf870bfde1ff50b996fb4364505"},"headline":"Abt Volkswagen Golf VI GTI","datePublished":"2019-05-27T19:25:50+00:00","mainEntityOfPage":{"@id":"https:\/\/letocar.com\/pt-pt\/abt-volkswagen-golf-vi-gti\/"},"wordCount":407,"commentCount":0,"publisher":{"@id":"https:\/\/letocar.com\/pt-pt\/#\/schema\/person\/e07fbbf870bfde1ff50b996fb4364505"},"image":{"@id":"https:\/\/letocar.com\/pt-pt\/abt-volkswagen-golf-vi-gti\/#primaryimage"},"thumbnailUrl":"https:\/\/letocar.com\/wp-content\/uploads\/2019\/05\/Abt-Volkswagen-Golf-VI-GTI-Front-Angle.jpg","articleSection":["A","Abt","Autom\u00f3veis"],"inLanguage":"pt-PT","potentialAction":[{"@type":"CommentAction","name":"Comment","target":["https:\/\/letocar.com\/pt-pt\/abt-volkswagen-golf-vi-gti\/#respond"]}]},{"@type":"WebPage","@id":"https:\/\/letocar.com\/pt-pt\/abt-volkswagen-golf-vi-gti\/","url":"https:\/\/letocar.com\/pt-pt\/abt-volkswagen-golf-vi-gti\/","name":"Abt Volkswagen Golf VI GTI","isPartOf":{"@id":"https:\/\/letocar.com\/pt-pt\/#website"},"primaryImageOfPage":{"@id":"https:\/\/letocar.com\/pt-pt\/abt-volkswagen-golf-vi-gti\/#primaryimage"},"image":{"@id":"https:\/\/letocar.com\/pt-pt\/abt-volkswagen-golf-vi-gti\/#primaryimage"},"thumbnailUrl":"https:\/\/letocar.com\/wp-content\/uploads\/2019\/05\/Abt-Volkswagen-Golf-VI-GTI-Front-Angle.jpg","datePublished":"2019-05-27T19:25:50+00:00","description":"Golfe incompar\u00e1vel - O Abt Volkswagen Golf VI GTI.A ABT Sportsline personaliza ve\u00edculos h\u00e1 cinco d\u00e9cadas e, mesmo a tempo do anivers\u00e1rio","breadcrumb":{"@id":"https:\/\/letocar.com\/pt-pt\/abt-volkswagen-golf-vi-gti\/#breadcrumb"},"inLanguage":"pt-PT","potentialAction":[{"@type":"ReadAction","target":["https:\/\/letocar.com\/pt-pt\/abt-volkswagen-golf-vi-gti\/"]}]},{"@type":"ImageObject","inLanguage":"pt-PT","@id":"https:\/\/letocar.com\/pt-pt\/abt-volkswagen-golf-vi-gti\/#primaryimage","url":"https:\/\/letocar.com\/wp-content\/uploads\/2019\/05\/Abt-Volkswagen-Golf-VI-GTI-Front-Angle.jpg","contentUrl":"https:\/\/letocar.com\/wp-content\/uploads\/2019\/05\/Abt-Volkswagen-Golf-VI-GTI-Front-Angle.jpg","width":1704,"height":1101,"caption":"Abt-Volkswagen-Golf-VI-GTI---Front-Angle"},{"@type":"BreadcrumbList","@id":"https:\/\/letocar.com\/pt-pt\/abt-volkswagen-golf-vi-gti\/#breadcrumb","itemListElement":[{"@type":"ListItem","position":1,"name":"Portada","item":"https:\/\/letocar.com\/pt-pt\/marca-e-modelos\/"},{"@type":"ListItem","position":2,"name":"Abt Volkswagen Golf VI GTI"}]},{"@type":"WebSite","@id":"https:\/\/letocar.com\/pt-pt\/#website","url":"https:\/\/letocar.com\/pt-pt\/","name":"Letocar","description":"Marcas de autom\u00f3veis","publisher":{"@id":"https:\/\/letocar.com\/pt-pt\/#\/schema\/person\/e07fbbf870bfde1ff50b996fb4364505"},"potentialAction":[{"@type":"SearchAction","target":{"@type":"EntryPoint","urlTemplate":"https:\/\/letocar.com\/pt-pt\/?s={search_term_string}"},"query-input":{"@type":"PropertyValueSpecification","valueRequired":true,"valueName":"search_term_string"}}],"inLanguage":"pt-PT"},{"@type":["Person","Organization"],"@id":"https:\/\/letocar.com\/pt-pt\/#\/schema\/person\/e07fbbf870bfde1ff50b996fb4364505","name":"letocar","image":{"@type":"ImageObject","inLanguage":"pt-PT","@id":"https:\/\/letocar.com\/pt-pt\/#\/schema\/person\/image\/","url":"https:\/\/secure.gravatar.com\/avatar\/b08c9d4ae58d95ca8255e54f1b013571a142c6ad94983f02479bce2860597a63?s=96&d=mm&r=g","contentUrl":"https:\/\/secure.gravatar.com\/avatar\/b08c9d4ae58d95ca8255e54f1b013571a142c6ad94983f02479bce2860597a63?s=96&d=mm&r=g","caption":"letocar"},"logo":{"@id":"https:\/\/letocar.com\/pt-pt\/#\/schema\/person\/image\/"}}]}},"_links":{"self":[{"href":"https:\/\/letocar.com\/pt-pt\/wp-json\/wp\/v2\/posts\/2819","targetHints":{"allow":["GET"]}}],"collection":[{"href":"https:\/\/letocar.com\/pt-pt\/wp-json\/wp\/v2\/posts"}],"about":[{"href":"https:\/\/letocar.com\/pt-pt\/wp-json\/wp\/v2\/types\/post"}],"author":[{"embeddable":true,"href":"https:\/\/letocar.com\/pt-pt\/wp-json\/wp\/v2\/users\/1"}],"replies":[{"embeddable":true,"href":"https:\/\/letocar.com\/pt-pt\/wp-json\/wp\/v2\/comments?post=2819"}],"version-history":[{"count":0,"href":"https:\/\/letocar.com\/pt-pt\/wp-json\/wp\/v2\/posts\/2819\/revisions"}],"wp:featuredmedia":[{"embeddable":true,"href":"https:\/\/letocar.com\/pt-pt\/wp-json\/wp\/v2\/media\/2804"}],"wp:attachment":[{"href":"https:\/\/letocar.com\/pt-pt\/wp-json\/wp\/v2\/media?parent=2819"}],"wp:term":[{"taxonomy":"category","embeddable":true,"href":"https:\/\/letocar.com\/pt-pt\/wp-json\/wp\/v2\/categories?post=2819"},{"taxonomy":"post_tag","embeddable":true,"href":"https:\/\/letocar.com\/pt-pt\/wp-json\/wp\/v2\/tags?post=2819"}],"curies":[{"name":"wp","href":"https:\/\/api.w.org\/{rel}","templated":true}]}}