{"id":2503,"date":"2019-05-02T20:57:50","date_gmt":"2019-05-02T18:57:50","guid":{"rendered":"https:\/\/letocar.com\/?p=2503"},"modified":"2019-05-02T21:21:35","modified_gmt":"2019-05-02T19:21:35","slug":"abt-sportslines-audi-q7","status":"publish","type":"post","link":"https:\/\/letocar.com\/pt-pt\/abt-sportslines-audi-q7\/","title":{"rendered":"Abt Sportslines Audi Q7"},"content":{"rendered":"<p><a href=\"https:\/\/letocar.com\/wp-content\/uploads\/2019\/05\/Abt-Sportslines-Audi-Q7.jpg\"><img decoding=\"async\" src=\"https:\/\/letocar.com\/wp-content\/uploads\/2019\/05\/Abt-Sportslines-Audi-Q7.jpg\" alt=\"Abt Sportslines Audi Q7\" width=\"1270\" height=\"693\" class=\"aligncenter size-full wp-image-2485\" srcset=\"https:\/\/letocar.com\/wp-content\/uploads\/2019\/05\/Abt-Sportslines-Audi-Q7.jpg 1270w, https:\/\/letocar.com\/wp-content\/uploads\/2019\/05\/Abt-Sportslines-Audi-Q7-300x164.jpg 300w, https:\/\/letocar.com\/wp-content\/uploads\/2019\/05\/Abt-Sportslines-Audi-Q7-768x419.jpg 768w, https:\/\/letocar.com\/wp-content\/uploads\/2019\/05\/Abt-Sportslines-Audi-Q7-1024x559.jpg 1024w, https:\/\/letocar.com\/wp-content\/uploads\/2019\/05\/Abt-Sportslines-Audi-Q7-700x382.jpg 700w\" sizes=\"(max-width: 1270px) 100vw, 1270px\" \/><\/a><\/p>\n<p>A apresenta\u00e7\u00e3o da Abt Sportsline da vers\u00e3o afinada do Audi Q7 coincide com o lan\u00e7amento do carro desportivo multifuncional de Ingolstadt.<\/p>\n<p>Experi\u00eancia combinada: H\u00e1 25 anos que a Audi fabrica autom\u00f3veis de trac\u00e7\u00e3o integral e a bem sucedida empresa Abt Sportsline, sediada em Kempten, tem vindo a modernizar os ve\u00edculos h\u00e1 tanto tempo. No Abt Q7 o conhecimento de ambas as empresas \u00e9 combinado em um carro que atende \u00e0s mais altas exig\u00eancias. <\/p>\n<p>\u00c9 mais do que um mero sucessor do lend\u00e1rio Quattro: O Audi Q7 \u00e9 o carro perfeito para todas as oportunidades, pois n\u00e3o s\u00f3 \u00e9 adequado para todos os terrenos, mas tamb\u00e9m um carro convincentemente confort\u00e1vel para viagens longas ao mesmo tempo. Uma vez que o Q7 \u00e9 inatamente um verdadeiro todo-o-terreno, prova ser um modelo de afina\u00e7\u00e3o perfeito. Mais uma vez, a Audi fornece a base perfeita para os especialistas da Abt Sportsline. O ve\u00edculo foi melhorado do ponto de vista \u00f3ptico e t\u00e9cnico sem alterar as suas caracter\u00edsticas. <\/p>\n<p>\u00c0 primeira vista, o Abt Q7 parece mais robusto do que o seu hom\u00f3logo original, o que se deve principalmente \u00e0s extens\u00f5es do p\u00e1ra-choques que conferem ao ve\u00edculo uma apar\u00eancia mais potente. Voc\u00ea pode dizer que ele facilmente domina terrenos dif\u00edceis. A asa traseira completa a sua apar\u00eancia harmoniosa e garante que o Abt Q7 nunca perde a ader\u00eancia das rodas. Atrav\u00e9s de uma pintura contrastante de duas cores em alum\u00ednio branco na saia dianteira marcada, na elegante saia traseira e nas saias laterais, o SUV Abt revela-se como um cruzador exclusivo. As laterais do ve\u00edculo s\u00e3o atraentes como resultado das inser\u00e7\u00f5es laterais em alum\u00ednio branco que conferem \u00e0 Abt Q7 caracter\u00edsticas inconfund\u00edveis e, ao mesmo tempo, um aspecto digno e \u00e1gil. A impress\u00e3o desportiva \u00e9 real\u00e7ada pelo sistema de escape duplo de tubo duplo com um di\u00e2metro de tubo de 84 mil\u00edmetros e pelas rodas de uma s\u00f3 pe\u00e7a. As jantes Abt Sportsline do tipo AR com superf\u00edcie diamantada e sistema de troca exclusivo j\u00e1 est\u00e3o dispon\u00edveis nos tamanhos 20 ou 22 polegadas com pneus 275\/45 R20 ou 295\/30 R22 Conti CrossContact. Outra op\u00e7\u00e3o de roda \u00e9 a roda SP de 22 polegadas. <\/p>\n<p>As modifica\u00e7\u00f5es da Abt Sportsline v\u00e3o ao encontro de todas as exig\u00eancias do Q7, quer seja fora de estrada, em auto-estradas ou em frente a um hotel de luxo, o Abt Q7 \u00e9 o autom\u00f3vel perfeito para todas as oportunidades. O aspecto e a tecnologia formam um todo unificado; o Abt Q7 n\u00e3o s\u00f3 parece rouco, como \u00e9 mesmo. Os engenheiros da Abt Sportsline conseguiram aumentar claramente a pot\u00eancia inata da unidade de pot\u00eancia 3.0 TDI. O motor V de seis cilindros modificados agora fornece 272 CV em vez dos 233 padr\u00e3o e um torque explosivo de 580 Nm (padr\u00e3o: 500 Nm). <\/p>\n<p>A Audi fabrica ve\u00edculos com tra\u00e7\u00e3o integral permanente h\u00e1 um quarto de s\u00e9culo e o Abt Q7 coroa este desenvolvimento. <\/p>\n<p>(de Abt Press Release)<\/p>\n<p><a href=\"https:\/\/letocar.com\/wp-content\/uploads\/2019\/05\/Abt-Sportslines-Audi-Q7-1.jpg\"><img decoding=\"async\" src=\"https:\/\/letocar.com\/wp-content\/uploads\/2019\/05\/Abt-Sportslines-Audi-Q7-1.jpg\" alt=\"Abt Sportslines Audi Q7\" width=\"1268\" height=\"710\" class=\"aligncenter size-full wp-image-2490\" srcset=\"https:\/\/letocar.com\/wp-content\/uploads\/2019\/05\/Abt-Sportslines-Audi-Q7-1.jpg 1268w, https:\/\/letocar.com\/wp-content\/uploads\/2019\/05\/Abt-Sportslines-Audi-Q7-1-300x168.jpg 300w, https:\/\/letocar.com\/wp-content\/uploads\/2019\/05\/Abt-Sportslines-Audi-Q7-1-768x430.jpg 768w, https:\/\/letocar.com\/wp-content\/uploads\/2019\/05\/Abt-Sportslines-Audi-Q7-1-1024x573.jpg 1024w, https:\/\/letocar.com\/wp-content\/uploads\/2019\/05\/Abt-Sportslines-Audi-Q7-1-700x392.jpg 700w\" sizes=\"(max-width: 1268px) 100vw, 1268px\" \/><\/a><\/p>\n","protected":false},"excerpt":{"rendered":"<p><a href=\"https:\/\/letocar.com\/wp-content\/uploads\/2019\/05\/Abt-Sportslines-Audi-Q7.jpg\"><\/a><\/p>\n<p>A apresenta\u00e7\u00e3o da Abt Sportsline da vers\u00e3o afinada do Audi Q7 coincide com o lan\u00e7amento do carro desportivo multifuncional de Ingolstadt.<\/p>\n<p>Experi\u00eancia combinada: H\u00e1  &#8230; <a href=\"https:\/\/letocar.com\/pt-pt\/abt-sportslines-audi-q7\/\" class=\"read-more\"> Leia mais &#8220;<\/a><\/p>\n","protected":false},"author":1,"featured_media":2489,"comment_status":"open","ping_status":"open","sticky":false,"template":"","format":"standard","meta":{"_acf_changed":false,"footnotes":""},"categories":[81,228,82],"tags":[],"class_list":["post-2503","post","type-post","status-publish","format-standard","has-post-thumbnail","hentry","category-a-pt-pt-3","category-abt-a-pt-pt-3","category-automoveis-pt-pt"],"acf":[],"yoast_head":"<!-- This site is optimized with the Yoast SEO plugin v25.3.1 - https:\/\/yoast.com\/wordpress\/plugins\/seo\/ -->\n<title>Abt Sportslines Audi Q7 - Letocar<\/title>\n<meta name=\"robots\" content=\"index, follow, max-snippet:-1, max-image-preview:large, max-video-preview:-1\" \/>\n<link rel=\"canonical\" href=\"https:\/\/letocar.com\/pt-pt\/abt-sportslines-audi-q7\/\" \/>\n<meta property=\"og:locale\" content=\"pt_PT\" \/>\n<meta property=\"og:type\" content=\"article\" \/>\n<meta property=\"og:title\" content=\"Abt Sportslines Audi Q7 - Letocar\" \/>\n<meta property=\"og:description\" content=\"A apresenta\u00e7\u00e3o da Abt Sportsline da vers\u00e3o afinada do Audi Q7 coincide com o lan\u00e7amento do carro desportivo multifuncional de Ingolstadt. Experi\u00eancia combinada: H\u00e1 ... Leia mais &quot;\" \/>\n<meta property=\"og:url\" content=\"https:\/\/letocar.com\/pt-pt\/abt-sportslines-audi-q7\/\" \/>\n<meta property=\"og:site_name\" content=\"Letocar\" \/>\n<meta property=\"article:published_time\" content=\"2019-05-02T18:57:50+00:00\" \/>\n<meta property=\"article:modified_time\" content=\"2019-05-02T19:21:35+00:00\" \/>\n<meta property=\"og:image\" content=\"https:\/\/letocar.com\/wp-content\/uploads\/2019\/05\/Abt-Sportslines-Audi-Q7.jpg\" \/>\n\t<meta property=\"og:image:width\" content=\"1270\" \/>\n\t<meta property=\"og:image:height\" content=\"693\" \/>\n\t<meta property=\"og:image:type\" content=\"image\/jpeg\" \/>\n<meta name=\"author\" content=\"letocar\" \/>\n<meta name=\"twitter:card\" content=\"summary_large_image\" \/>\n<meta name=\"twitter:label1\" content=\"Escrito por\" \/>\n\t<meta name=\"twitter:data1\" content=\"letocar\" \/>\n\t<meta name=\"twitter:label2\" content=\"Tempo estimado de leitura\" \/>\n\t<meta name=\"twitter:data2\" content=\"3 minutos\" \/>\n<script type=\"application\/ld+json\" class=\"yoast-schema-graph\">{\"@context\":\"https:\/\/schema.org\",\"@graph\":[{\"@type\":\"Article\",\"@id\":\"https:\/\/letocar.com\/pt-pt\/abt-sportslines-audi-q7\/#article\",\"isPartOf\":{\"@id\":\"https:\/\/letocar.com\/pt-pt\/abt-sportslines-audi-q7\/\"},\"author\":{\"name\":\"letocar\",\"@id\":\"https:\/\/letocar.com\/pt-pt\/#\/schema\/person\/e07fbbf870bfde1ff50b996fb4364505\"},\"headline\":\"Abt Sportslines Audi Q7\",\"datePublished\":\"2019-05-02T18:57:50+00:00\",\"dateModified\":\"2019-05-02T19:21:35+00:00\",\"mainEntityOfPage\":{\"@id\":\"https:\/\/letocar.com\/pt-pt\/abt-sportslines-audi-q7\/\"},\"wordCount\":517,\"commentCount\":0,\"publisher\":{\"@id\":\"https:\/\/letocar.com\/pt-pt\/#\/schema\/person\/e07fbbf870bfde1ff50b996fb4364505\"},\"image\":{\"@id\":\"https:\/\/letocar.com\/pt-pt\/abt-sportslines-audi-q7\/#primaryimage\"},\"thumbnailUrl\":\"https:\/\/letocar.com\/wp-content\/uploads\/2019\/05\/Abt-Sportslines-Audi-Q7.jpg\",\"articleSection\":[\"A\",\"Abt\",\"Autom\u00f3veis\"],\"inLanguage\":\"pt-PT\",\"potentialAction\":[{\"@type\":\"CommentAction\",\"name\":\"Comment\",\"target\":[\"https:\/\/letocar.com\/pt-pt\/abt-sportslines-audi-q7\/#respond\"]}]},{\"@type\":\"WebPage\",\"@id\":\"https:\/\/letocar.com\/pt-pt\/abt-sportslines-audi-q7\/\",\"url\":\"https:\/\/letocar.com\/pt-pt\/abt-sportslines-audi-q7\/\",\"name\":\"Abt Sportslines Audi Q7 - Letocar\",\"isPartOf\":{\"@id\":\"https:\/\/letocar.com\/pt-pt\/#website\"},\"primaryImageOfPage\":{\"@id\":\"https:\/\/letocar.com\/pt-pt\/abt-sportslines-audi-q7\/#primaryimage\"},\"image\":{\"@id\":\"https:\/\/letocar.com\/pt-pt\/abt-sportslines-audi-q7\/#primaryimage\"},\"thumbnailUrl\":\"https:\/\/letocar.com\/wp-content\/uploads\/2019\/05\/Abt-Sportslines-Audi-Q7.jpg\",\"datePublished\":\"2019-05-02T18:57:50+00:00\",\"dateModified\":\"2019-05-02T19:21:35+00:00\",\"breadcrumb\":{\"@id\":\"https:\/\/letocar.com\/pt-pt\/abt-sportslines-audi-q7\/#breadcrumb\"},\"inLanguage\":\"pt-PT\",\"potentialAction\":[{\"@type\":\"ReadAction\",\"target\":[\"https:\/\/letocar.com\/pt-pt\/abt-sportslines-audi-q7\/\"]}]},{\"@type\":\"ImageObject\",\"inLanguage\":\"pt-PT\",\"@id\":\"https:\/\/letocar.com\/pt-pt\/abt-sportslines-audi-q7\/#primaryimage\",\"url\":\"https:\/\/letocar.com\/wp-content\/uploads\/2019\/05\/Abt-Sportslines-Audi-Q7.jpg\",\"contentUrl\":\"https:\/\/letocar.com\/wp-content\/uploads\/2019\/05\/Abt-Sportslines-Audi-Q7.jpg\",\"width\":1270,\"height\":693,\"caption\":\"Abt Sportslines Audi Q7\"},{\"@type\":\"BreadcrumbList\",\"@id\":\"https:\/\/letocar.com\/pt-pt\/abt-sportslines-audi-q7\/#breadcrumb\",\"itemListElement\":[{\"@type\":\"ListItem\",\"position\":1,\"name\":\"Portada\",\"item\":\"https:\/\/letocar.com\/pt-pt\/marca-e-modelos\/\"},{\"@type\":\"ListItem\",\"position\":2,\"name\":\"Abt Sportslines Audi Q7\"}]},{\"@type\":\"WebSite\",\"@id\":\"https:\/\/letocar.com\/pt-pt\/#website\",\"url\":\"https:\/\/letocar.com\/pt-pt\/\",\"name\":\"Letocar\",\"description\":\"Marcas de autom\u00f3veis\",\"publisher\":{\"@id\":\"https:\/\/letocar.com\/pt-pt\/#\/schema\/person\/e07fbbf870bfde1ff50b996fb4364505\"},\"potentialAction\":[{\"@type\":\"SearchAction\",\"target\":{\"@type\":\"EntryPoint\",\"urlTemplate\":\"https:\/\/letocar.com\/pt-pt\/?s={search_term_string}\"},\"query-input\":{\"@type\":\"PropertyValueSpecification\",\"valueRequired\":true,\"valueName\":\"search_term_string\"}}],\"inLanguage\":\"pt-PT\"},{\"@type\":[\"Person\",\"Organization\"],\"@id\":\"https:\/\/letocar.com\/pt-pt\/#\/schema\/person\/e07fbbf870bfde1ff50b996fb4364505\",\"name\":\"letocar\",\"image\":{\"@type\":\"ImageObject\",\"inLanguage\":\"pt-PT\",\"@id\":\"https:\/\/letocar.com\/pt-pt\/#\/schema\/person\/image\/\",\"url\":\"https:\/\/secure.gravatar.com\/avatar\/b08c9d4ae58d95ca8255e54f1b013571a142c6ad94983f02479bce2860597a63?s=96&d=mm&r=g\",\"contentUrl\":\"https:\/\/secure.gravatar.com\/avatar\/b08c9d4ae58d95ca8255e54f1b013571a142c6ad94983f02479bce2860597a63?s=96&d=mm&r=g\",\"caption\":\"letocar\"},\"logo\":{\"@id\":\"https:\/\/letocar.com\/pt-pt\/#\/schema\/person\/image\/\"}}]}<\/script>\n<!-- \/ Yoast SEO plugin. -->","yoast_head_json":{"title":"Abt Sportslines Audi Q7 - Letocar","robots":{"index":"index","follow":"follow","max-snippet":"max-snippet:-1","max-image-preview":"max-image-preview:large","max-video-preview":"max-video-preview:-1"},"canonical":"https:\/\/letocar.com\/pt-pt\/abt-sportslines-audi-q7\/","og_locale":"pt_PT","og_type":"article","og_title":"Abt Sportslines Audi Q7 - Letocar","og_description":"A apresenta\u00e7\u00e3o da Abt Sportsline da vers\u00e3o afinada do Audi Q7 coincide com o lan\u00e7amento do carro desportivo multifuncional de Ingolstadt. Experi\u00eancia combinada: H\u00e1 ... Leia mais \"","og_url":"https:\/\/letocar.com\/pt-pt\/abt-sportslines-audi-q7\/","og_site_name":"Letocar","article_published_time":"2019-05-02T18:57:50+00:00","article_modified_time":"2019-05-02T19:21:35+00:00","og_image":[{"width":1270,"height":693,"url":"https:\/\/letocar.com\/wp-content\/uploads\/2019\/05\/Abt-Sportslines-Audi-Q7.jpg","type":"image\/jpeg"}],"author":"letocar","twitter_card":"summary_large_image","twitter_misc":{"Escrito por":"letocar","Tempo estimado de leitura":"3 minutos"},"schema":{"@context":"https:\/\/schema.org","@graph":[{"@type":"Article","@id":"https:\/\/letocar.com\/pt-pt\/abt-sportslines-audi-q7\/#article","isPartOf":{"@id":"https:\/\/letocar.com\/pt-pt\/abt-sportslines-audi-q7\/"},"author":{"name":"letocar","@id":"https:\/\/letocar.com\/pt-pt\/#\/schema\/person\/e07fbbf870bfde1ff50b996fb4364505"},"headline":"Abt Sportslines Audi Q7","datePublished":"2019-05-02T18:57:50+00:00","dateModified":"2019-05-02T19:21:35+00:00","mainEntityOfPage":{"@id":"https:\/\/letocar.com\/pt-pt\/abt-sportslines-audi-q7\/"},"wordCount":517,"commentCount":0,"publisher":{"@id":"https:\/\/letocar.com\/pt-pt\/#\/schema\/person\/e07fbbf870bfde1ff50b996fb4364505"},"image":{"@id":"https:\/\/letocar.com\/pt-pt\/abt-sportslines-audi-q7\/#primaryimage"},"thumbnailUrl":"https:\/\/letocar.com\/wp-content\/uploads\/2019\/05\/Abt-Sportslines-Audi-Q7.jpg","articleSection":["A","Abt","Autom\u00f3veis"],"inLanguage":"pt-PT","potentialAction":[{"@type":"CommentAction","name":"Comment","target":["https:\/\/letocar.com\/pt-pt\/abt-sportslines-audi-q7\/#respond"]}]},{"@type":"WebPage","@id":"https:\/\/letocar.com\/pt-pt\/abt-sportslines-audi-q7\/","url":"https:\/\/letocar.com\/pt-pt\/abt-sportslines-audi-q7\/","name":"Abt Sportslines Audi Q7 - Letocar","isPartOf":{"@id":"https:\/\/letocar.com\/pt-pt\/#website"},"primaryImageOfPage":{"@id":"https:\/\/letocar.com\/pt-pt\/abt-sportslines-audi-q7\/#primaryimage"},"image":{"@id":"https:\/\/letocar.com\/pt-pt\/abt-sportslines-audi-q7\/#primaryimage"},"thumbnailUrl":"https:\/\/letocar.com\/wp-content\/uploads\/2019\/05\/Abt-Sportslines-Audi-Q7.jpg","datePublished":"2019-05-02T18:57:50+00:00","dateModified":"2019-05-02T19:21:35+00:00","breadcrumb":{"@id":"https:\/\/letocar.com\/pt-pt\/abt-sportslines-audi-q7\/#breadcrumb"},"inLanguage":"pt-PT","potentialAction":[{"@type":"ReadAction","target":["https:\/\/letocar.com\/pt-pt\/abt-sportslines-audi-q7\/"]}]},{"@type":"ImageObject","inLanguage":"pt-PT","@id":"https:\/\/letocar.com\/pt-pt\/abt-sportslines-audi-q7\/#primaryimage","url":"https:\/\/letocar.com\/wp-content\/uploads\/2019\/05\/Abt-Sportslines-Audi-Q7.jpg","contentUrl":"https:\/\/letocar.com\/wp-content\/uploads\/2019\/05\/Abt-Sportslines-Audi-Q7.jpg","width":1270,"height":693,"caption":"Abt Sportslines Audi Q7"},{"@type":"BreadcrumbList","@id":"https:\/\/letocar.com\/pt-pt\/abt-sportslines-audi-q7\/#breadcrumb","itemListElement":[{"@type":"ListItem","position":1,"name":"Portada","item":"https:\/\/letocar.com\/pt-pt\/marca-e-modelos\/"},{"@type":"ListItem","position":2,"name":"Abt Sportslines Audi Q7"}]},{"@type":"WebSite","@id":"https:\/\/letocar.com\/pt-pt\/#website","url":"https:\/\/letocar.com\/pt-pt\/","name":"Letocar","description":"Marcas de autom\u00f3veis","publisher":{"@id":"https:\/\/letocar.com\/pt-pt\/#\/schema\/person\/e07fbbf870bfde1ff50b996fb4364505"},"potentialAction":[{"@type":"SearchAction","target":{"@type":"EntryPoint","urlTemplate":"https:\/\/letocar.com\/pt-pt\/?s={search_term_string}"},"query-input":{"@type":"PropertyValueSpecification","valueRequired":true,"valueName":"search_term_string"}}],"inLanguage":"pt-PT"},{"@type":["Person","Organization"],"@id":"https:\/\/letocar.com\/pt-pt\/#\/schema\/person\/e07fbbf870bfde1ff50b996fb4364505","name":"letocar","image":{"@type":"ImageObject","inLanguage":"pt-PT","@id":"https:\/\/letocar.com\/pt-pt\/#\/schema\/person\/image\/","url":"https:\/\/secure.gravatar.com\/avatar\/b08c9d4ae58d95ca8255e54f1b013571a142c6ad94983f02479bce2860597a63?s=96&d=mm&r=g","contentUrl":"https:\/\/secure.gravatar.com\/avatar\/b08c9d4ae58d95ca8255e54f1b013571a142c6ad94983f02479bce2860597a63?s=96&d=mm&r=g","caption":"letocar"},"logo":{"@id":"https:\/\/letocar.com\/pt-pt\/#\/schema\/person\/image\/"}}]}},"_links":{"self":[{"href":"https:\/\/letocar.com\/pt-pt\/wp-json\/wp\/v2\/posts\/2503","targetHints":{"allow":["GET"]}}],"collection":[{"href":"https:\/\/letocar.com\/pt-pt\/wp-json\/wp\/v2\/posts"}],"about":[{"href":"https:\/\/letocar.com\/pt-pt\/wp-json\/wp\/v2\/types\/post"}],"author":[{"embeddable":true,"href":"https:\/\/letocar.com\/pt-pt\/wp-json\/wp\/v2\/users\/1"}],"replies":[{"embeddable":true,"href":"https:\/\/letocar.com\/pt-pt\/wp-json\/wp\/v2\/comments?post=2503"}],"version-history":[{"count":0,"href":"https:\/\/letocar.com\/pt-pt\/wp-json\/wp\/v2\/posts\/2503\/revisions"}],"wp:featuredmedia":[{"embeddable":true,"href":"https:\/\/letocar.com\/pt-pt\/wp-json\/wp\/v2\/media\/2489"}],"wp:attachment":[{"href":"https:\/\/letocar.com\/pt-pt\/wp-json\/wp\/v2\/media?parent=2503"}],"wp:term":[{"taxonomy":"category","embeddable":true,"href":"https:\/\/letocar.com\/pt-pt\/wp-json\/wp\/v2\/categories?post=2503"},{"taxonomy":"post_tag","embeddable":true,"href":"https:\/\/letocar.com\/pt-pt\/wp-json\/wp\/v2\/tags?post=2503"}],"curies":[{"name":"wp","href":"https:\/\/api.w.org\/{rel}","templated":true}]}}