{"id":2408,"date":"2019-05-01T20:01:05","date_gmt":"2019-05-01T18:01:05","guid":{"rendered":"https:\/\/letocar.com\/?p=2408"},"modified":"2019-05-01T20:43:10","modified_gmt":"2019-05-01T18:43:10","slug":"abt-sportsline-as6-avant","status":"publish","type":"post","link":"https:\/\/letocar.com\/pt-pt\/abt-sportsline-as6-avant\/","title":{"rendered":"Abt Sportsline AS6 Avant"},"content":{"rendered":"<p><a href=\"https:\/\/letocar.com\/wp-content\/uploads\/2019\/05\/Abt-Sportsline-AS6-Avant.jpg\"><img decoding=\"async\" src=\"https:\/\/letocar.com\/wp-content\/uploads\/2019\/05\/Abt-Sportsline-AS6-Avant.jpg\" alt=\"Abt Sportsline AS6 Avant\" width=\"1150\" height=\"764\" class=\"aligncenter size-full wp-image-2391\" srcset=\"https:\/\/letocar.com\/wp-content\/uploads\/2019\/05\/Abt-Sportsline-AS6-Avant.jpg 1150w, https:\/\/letocar.com\/wp-content\/uploads\/2019\/05\/Abt-Sportsline-AS6-Avant-300x199.jpg 300w, https:\/\/letocar.com\/wp-content\/uploads\/2019\/05\/Abt-Sportsline-AS6-Avant-768x510.jpg 768w, https:\/\/letocar.com\/wp-content\/uploads\/2019\/05\/Abt-Sportsline-AS6-Avant-1024x680.jpg 1024w, https:\/\/letocar.com\/wp-content\/uploads\/2019\/05\/Abt-Sportsline-AS6-Avant-700x465.jpg 700w\" sizes=\"(max-width: 1150px) 100vw, 1150px\" \/><\/a><\/p>\n<p>Baseado no Audi A6 Avant<\/p>\n<p>H\u00e1 muito tempo que os b\u00e1varos t\u00eam uma grande paix\u00e3o pelos ve\u00edculos de Ingolstadt. H\u00e1 d\u00e9cadas que afinam todos os modelos Audi. O novo Abt AS6 Avant demonstra de forma impressionante o entusiasmo da Abt Sportsline pela afina\u00e7\u00e3o. <\/p>\n<p>A \u00f3ptica da Abt AS6 Avant desperta paix\u00e3o e convida-o a entrar no carro. A grelha dianteira Abt-frontal e o novo design do spoiler dianteiro equipam a dianteira com caracter\u00edsticas desportivas. Saias laterais largas d\u00e3o \u00e0 AS6 Avant uma capacidade de circula\u00e7\u00e3o dominante e sublinham o design din\u00e2mico do modelo standard. Com a asa na traseira a oferecer maior for\u00e7a descendente no eixo traseiro, os b\u00e1varos demonstram desportividade. A saia traseira embutida com um silenciador traseiro em a\u00e7o inoxid\u00e1vel de 4 tubos com o log\u00f3tipo Abt \u00e9 um verdadeiro atractivo. <\/p>\n<p>Especialmente o poder do Abt AS6 Avant demonstra a paix\u00e3o que os engenheiros da Abt t\u00eam por afinar os modelos Audi. Um upgrade de pot\u00eancia atrav\u00e9s da modifica\u00e7\u00e3o da gest\u00e3o do motor foi desenvolvido com base no Audi A6 3.0 TDI. Gra\u00e7as a este m\u00e9todo tecnicamente exigente, o Abt AS6 Avant executa impressionantes 265 cv e um bin\u00e1rio m\u00e1ximo de 550 Nm. Esta \u00e9 uma vantagem de 40 cv e 100 Nm em rela\u00e7\u00e3o ao ve\u00edculo de s\u00e9rie. <\/p>\n<p>A pot\u00eancia do Abt AS6 Avant \u00e9 transmitida atrav\u00e9s das molas de suspens\u00e3o especialmente afinadas. Eles baixam a carro\u00e7aria do estate car em aproximadamente 40 mil\u00edmetros e, assim, contribuem opticamente para a apar\u00eancia din\u00e2mica geral. Mais importante, no entanto, \u00e9 a optimiza\u00e7\u00e3o das caracter\u00edsticas de condu\u00e7\u00e3o. O comportamento \u00e9 significativamente melhorado e as molas de funcionamento progressivo permitem uma condu\u00e7\u00e3o mais desportiva.<\/p>\n<p>As jantes de liga leve Abt-light SP1-Titan s\u00e3o outro factor importante para a transmiss\u00e3o da pot\u00eancia para o asfalto. As jantes fundidas de uma s\u00f3 pe\u00e7a do cl\u00e1ssico design de cinco raios de 19 polegadas est\u00e3o equipadas com pneus 245\/35 R19 do parceiro tecnol\u00f3gico Continental.<\/p>\n<p>O novo Abt AS6 Avant demonstra de forma impressionante a paix\u00e3o da empresa Abt Sportsline pela afina\u00e7\u00e3o dos modelos Audi.<\/p>\n<p>(de Abt Sportsline Press Release)<\/p>\n<p><a href=\"https:\/\/letocar.com\/wp-content\/uploads\/2019\/05\/Abt-Sportsline-AS6-Avant-1.jpg\"><img decoding=\"async\" src=\"https:\/\/letocar.com\/wp-content\/uploads\/2019\/05\/Abt-Sportsline-AS6-Avant-1.jpg\" alt=\"Abt Sportsline AS6 Avant\" width=\"1279\" height=\"907\" class=\"aligncenter size-full wp-image-2396\" srcset=\"https:\/\/letocar.com\/wp-content\/uploads\/2019\/05\/Abt-Sportsline-AS6-Avant-1.jpg 1279w, https:\/\/letocar.com\/wp-content\/uploads\/2019\/05\/Abt-Sportsline-AS6-Avant-1-300x213.jpg 300w, https:\/\/letocar.com\/wp-content\/uploads\/2019\/05\/Abt-Sportsline-AS6-Avant-1-768x545.jpg 768w, https:\/\/letocar.com\/wp-content\/uploads\/2019\/05\/Abt-Sportsline-AS6-Avant-1-1024x726.jpg 1024w, https:\/\/letocar.com\/wp-content\/uploads\/2019\/05\/Abt-Sportsline-AS6-Avant-1-700x496.jpg 700w\" sizes=\"(max-width: 1279px) 100vw, 1279px\" \/><\/a><\/p>\n","protected":false},"excerpt":{"rendered":"<p><a href=\"https:\/\/letocar.com\/wp-content\/uploads\/2019\/05\/Abt-Sportsline-AS6-Avant.jpg\"><\/a><\/p>\n<p>Baseado no Audi A6 Avant<\/p>\n<p>H\u00e1 muito tempo que os b\u00e1varos t\u00eam uma grande paix\u00e3o pelos ve\u00edculos de Ingolstadt. H\u00e1 d\u00e9cadas que afinam todos  &#8230; <a href=\"https:\/\/letocar.com\/pt-pt\/abt-sportsline-as6-avant\/\" class=\"read-more\"> Leia mais &#8220;<\/a><\/p>\n","protected":false},"author":1,"featured_media":2395,"comment_status":"open","ping_status":"open","sticky":false,"template":"","format":"standard","meta":{"_acf_changed":false,"footnotes":""},"categories":[81,228,82],"tags":[],"class_list":["post-2408","post","type-post","status-publish","format-standard","has-post-thumbnail","hentry","category-a-pt-pt-3","category-abt-a-pt-pt-3","category-automoveis-pt-pt"],"acf":[],"yoast_head":"<!-- This site is optimized with the Yoast SEO plugin v25.3.1 - https:\/\/yoast.com\/wordpress\/plugins\/seo\/ -->\n<title>Abt Sportsline AS6 Avant - Letocar<\/title>\n<meta name=\"robots\" content=\"index, follow, max-snippet:-1, max-image-preview:large, max-video-preview:-1\" \/>\n<link rel=\"canonical\" href=\"https:\/\/letocar.com\/pt-pt\/abt-sportsline-as6-avant\/\" \/>\n<meta property=\"og:locale\" content=\"pt_PT\" \/>\n<meta property=\"og:type\" content=\"article\" \/>\n<meta property=\"og:title\" content=\"Abt Sportsline AS6 Avant - Letocar\" \/>\n<meta property=\"og:description\" content=\"Baseado no Audi A6 Avant H\u00e1 muito tempo que os b\u00e1varos t\u00eam uma grande paix\u00e3o pelos ve\u00edculos de Ingolstadt. H\u00e1 d\u00e9cadas que afinam todos ... Leia mais &quot;\" \/>\n<meta property=\"og:url\" content=\"https:\/\/letocar.com\/pt-pt\/abt-sportsline-as6-avant\/\" \/>\n<meta property=\"og:site_name\" content=\"Letocar\" \/>\n<meta property=\"article:published_time\" content=\"2019-05-01T18:01:05+00:00\" \/>\n<meta property=\"article:modified_time\" content=\"2019-05-01T18:43:10+00:00\" \/>\n<meta property=\"og:image\" content=\"https:\/\/letocar.com\/wp-content\/uploads\/2019\/05\/Abt-Sportsline-AS6-Avant.jpg\" \/>\n\t<meta property=\"og:image:width\" content=\"1150\" \/>\n\t<meta property=\"og:image:height\" content=\"764\" \/>\n\t<meta property=\"og:image:type\" content=\"image\/jpeg\" \/>\n<meta name=\"author\" content=\"letocar\" \/>\n<meta name=\"twitter:card\" content=\"summary_large_image\" \/>\n<meta name=\"twitter:label1\" content=\"Escrito por\" \/>\n\t<meta name=\"twitter:data1\" content=\"letocar\" \/>\n\t<meta name=\"twitter:label2\" content=\"Tempo estimado de leitura\" \/>\n\t<meta name=\"twitter:data2\" content=\"2 minutos\" \/>\n<script type=\"application\/ld+json\" class=\"yoast-schema-graph\">{\"@context\":\"https:\/\/schema.org\",\"@graph\":[{\"@type\":\"Article\",\"@id\":\"https:\/\/letocar.com\/pt-pt\/abt-sportsline-as6-avant\/#article\",\"isPartOf\":{\"@id\":\"https:\/\/letocar.com\/pt-pt\/abt-sportsline-as6-avant\/\"},\"author\":{\"name\":\"letocar\",\"@id\":\"https:\/\/letocar.com\/pt-pt\/#\/schema\/person\/e07fbbf870bfde1ff50b996fb4364505\"},\"headline\":\"Abt Sportsline AS6 Avant\",\"datePublished\":\"2019-05-01T18:01:05+00:00\",\"dateModified\":\"2019-05-01T18:43:10+00:00\",\"mainEntityOfPage\":{\"@id\":\"https:\/\/letocar.com\/pt-pt\/abt-sportsline-as6-avant\/\"},\"wordCount\":382,\"commentCount\":0,\"publisher\":{\"@id\":\"https:\/\/letocar.com\/pt-pt\/#\/schema\/person\/e07fbbf870bfde1ff50b996fb4364505\"},\"image\":{\"@id\":\"https:\/\/letocar.com\/pt-pt\/abt-sportsline-as6-avant\/#primaryimage\"},\"thumbnailUrl\":\"https:\/\/letocar.com\/wp-content\/uploads\/2019\/05\/Abt-Sportsline-AS6-Avant.jpg\",\"articleSection\":[\"A\",\"Abt\",\"Autom\u00f3veis\"],\"inLanguage\":\"pt-PT\",\"potentialAction\":[{\"@type\":\"CommentAction\",\"name\":\"Comment\",\"target\":[\"https:\/\/letocar.com\/pt-pt\/abt-sportsline-as6-avant\/#respond\"]}]},{\"@type\":\"WebPage\",\"@id\":\"https:\/\/letocar.com\/pt-pt\/abt-sportsline-as6-avant\/\",\"url\":\"https:\/\/letocar.com\/pt-pt\/abt-sportsline-as6-avant\/\",\"name\":\"Abt Sportsline AS6 Avant - Letocar\",\"isPartOf\":{\"@id\":\"https:\/\/letocar.com\/pt-pt\/#website\"},\"primaryImageOfPage\":{\"@id\":\"https:\/\/letocar.com\/pt-pt\/abt-sportsline-as6-avant\/#primaryimage\"},\"image\":{\"@id\":\"https:\/\/letocar.com\/pt-pt\/abt-sportsline-as6-avant\/#primaryimage\"},\"thumbnailUrl\":\"https:\/\/letocar.com\/wp-content\/uploads\/2019\/05\/Abt-Sportsline-AS6-Avant.jpg\",\"datePublished\":\"2019-05-01T18:01:05+00:00\",\"dateModified\":\"2019-05-01T18:43:10+00:00\",\"breadcrumb\":{\"@id\":\"https:\/\/letocar.com\/pt-pt\/abt-sportsline-as6-avant\/#breadcrumb\"},\"inLanguage\":\"pt-PT\",\"potentialAction\":[{\"@type\":\"ReadAction\",\"target\":[\"https:\/\/letocar.com\/pt-pt\/abt-sportsline-as6-avant\/\"]}]},{\"@type\":\"ImageObject\",\"inLanguage\":\"pt-PT\",\"@id\":\"https:\/\/letocar.com\/pt-pt\/abt-sportsline-as6-avant\/#primaryimage\",\"url\":\"https:\/\/letocar.com\/wp-content\/uploads\/2019\/05\/Abt-Sportsline-AS6-Avant.jpg\",\"contentUrl\":\"https:\/\/letocar.com\/wp-content\/uploads\/2019\/05\/Abt-Sportsline-AS6-Avant.jpg\",\"width\":1150,\"height\":764,\"caption\":\"Abt Sportsline AS6 Avant\"},{\"@type\":\"BreadcrumbList\",\"@id\":\"https:\/\/letocar.com\/pt-pt\/abt-sportsline-as6-avant\/#breadcrumb\",\"itemListElement\":[{\"@type\":\"ListItem\",\"position\":1,\"name\":\"Portada\",\"item\":\"https:\/\/letocar.com\/pt-pt\/marca-e-modelos\/\"},{\"@type\":\"ListItem\",\"position\":2,\"name\":\"Abt Sportsline AS6 Avant\"}]},{\"@type\":\"WebSite\",\"@id\":\"https:\/\/letocar.com\/pt-pt\/#website\",\"url\":\"https:\/\/letocar.com\/pt-pt\/\",\"name\":\"Letocar\",\"description\":\"Marcas de autom\u00f3veis\",\"publisher\":{\"@id\":\"https:\/\/letocar.com\/pt-pt\/#\/schema\/person\/e07fbbf870bfde1ff50b996fb4364505\"},\"potentialAction\":[{\"@type\":\"SearchAction\",\"target\":{\"@type\":\"EntryPoint\",\"urlTemplate\":\"https:\/\/letocar.com\/pt-pt\/?s={search_term_string}\"},\"query-input\":{\"@type\":\"PropertyValueSpecification\",\"valueRequired\":true,\"valueName\":\"search_term_string\"}}],\"inLanguage\":\"pt-PT\"},{\"@type\":[\"Person\",\"Organization\"],\"@id\":\"https:\/\/letocar.com\/pt-pt\/#\/schema\/person\/e07fbbf870bfde1ff50b996fb4364505\",\"name\":\"letocar\",\"image\":{\"@type\":\"ImageObject\",\"inLanguage\":\"pt-PT\",\"@id\":\"https:\/\/letocar.com\/pt-pt\/#\/schema\/person\/image\/\",\"url\":\"https:\/\/secure.gravatar.com\/avatar\/b08c9d4ae58d95ca8255e54f1b013571a142c6ad94983f02479bce2860597a63?s=96&d=mm&r=g\",\"contentUrl\":\"https:\/\/secure.gravatar.com\/avatar\/b08c9d4ae58d95ca8255e54f1b013571a142c6ad94983f02479bce2860597a63?s=96&d=mm&r=g\",\"caption\":\"letocar\"},\"logo\":{\"@id\":\"https:\/\/letocar.com\/pt-pt\/#\/schema\/person\/image\/\"}}]}<\/script>\n<!-- \/ Yoast SEO plugin. -->","yoast_head_json":{"title":"Abt Sportsline AS6 Avant - Letocar","robots":{"index":"index","follow":"follow","max-snippet":"max-snippet:-1","max-image-preview":"max-image-preview:large","max-video-preview":"max-video-preview:-1"},"canonical":"https:\/\/letocar.com\/pt-pt\/abt-sportsline-as6-avant\/","og_locale":"pt_PT","og_type":"article","og_title":"Abt Sportsline AS6 Avant - Letocar","og_description":"Baseado no Audi A6 Avant H\u00e1 muito tempo que os b\u00e1varos t\u00eam uma grande paix\u00e3o pelos ve\u00edculos de Ingolstadt. H\u00e1 d\u00e9cadas que afinam todos ... Leia mais \"","og_url":"https:\/\/letocar.com\/pt-pt\/abt-sportsline-as6-avant\/","og_site_name":"Letocar","article_published_time":"2019-05-01T18:01:05+00:00","article_modified_time":"2019-05-01T18:43:10+00:00","og_image":[{"width":1150,"height":764,"url":"https:\/\/letocar.com\/wp-content\/uploads\/2019\/05\/Abt-Sportsline-AS6-Avant.jpg","type":"image\/jpeg"}],"author":"letocar","twitter_card":"summary_large_image","twitter_misc":{"Escrito por":"letocar","Tempo estimado de leitura":"2 minutos"},"schema":{"@context":"https:\/\/schema.org","@graph":[{"@type":"Article","@id":"https:\/\/letocar.com\/pt-pt\/abt-sportsline-as6-avant\/#article","isPartOf":{"@id":"https:\/\/letocar.com\/pt-pt\/abt-sportsline-as6-avant\/"},"author":{"name":"letocar","@id":"https:\/\/letocar.com\/pt-pt\/#\/schema\/person\/e07fbbf870bfde1ff50b996fb4364505"},"headline":"Abt Sportsline AS6 Avant","datePublished":"2019-05-01T18:01:05+00:00","dateModified":"2019-05-01T18:43:10+00:00","mainEntityOfPage":{"@id":"https:\/\/letocar.com\/pt-pt\/abt-sportsline-as6-avant\/"},"wordCount":382,"commentCount":0,"publisher":{"@id":"https:\/\/letocar.com\/pt-pt\/#\/schema\/person\/e07fbbf870bfde1ff50b996fb4364505"},"image":{"@id":"https:\/\/letocar.com\/pt-pt\/abt-sportsline-as6-avant\/#primaryimage"},"thumbnailUrl":"https:\/\/letocar.com\/wp-content\/uploads\/2019\/05\/Abt-Sportsline-AS6-Avant.jpg","articleSection":["A","Abt","Autom\u00f3veis"],"inLanguage":"pt-PT","potentialAction":[{"@type":"CommentAction","name":"Comment","target":["https:\/\/letocar.com\/pt-pt\/abt-sportsline-as6-avant\/#respond"]}]},{"@type":"WebPage","@id":"https:\/\/letocar.com\/pt-pt\/abt-sportsline-as6-avant\/","url":"https:\/\/letocar.com\/pt-pt\/abt-sportsline-as6-avant\/","name":"Abt Sportsline AS6 Avant - Letocar","isPartOf":{"@id":"https:\/\/letocar.com\/pt-pt\/#website"},"primaryImageOfPage":{"@id":"https:\/\/letocar.com\/pt-pt\/abt-sportsline-as6-avant\/#primaryimage"},"image":{"@id":"https:\/\/letocar.com\/pt-pt\/abt-sportsline-as6-avant\/#primaryimage"},"thumbnailUrl":"https:\/\/letocar.com\/wp-content\/uploads\/2019\/05\/Abt-Sportsline-AS6-Avant.jpg","datePublished":"2019-05-01T18:01:05+00:00","dateModified":"2019-05-01T18:43:10+00:00","breadcrumb":{"@id":"https:\/\/letocar.com\/pt-pt\/abt-sportsline-as6-avant\/#breadcrumb"},"inLanguage":"pt-PT","potentialAction":[{"@type":"ReadAction","target":["https:\/\/letocar.com\/pt-pt\/abt-sportsline-as6-avant\/"]}]},{"@type":"ImageObject","inLanguage":"pt-PT","@id":"https:\/\/letocar.com\/pt-pt\/abt-sportsline-as6-avant\/#primaryimage","url":"https:\/\/letocar.com\/wp-content\/uploads\/2019\/05\/Abt-Sportsline-AS6-Avant.jpg","contentUrl":"https:\/\/letocar.com\/wp-content\/uploads\/2019\/05\/Abt-Sportsline-AS6-Avant.jpg","width":1150,"height":764,"caption":"Abt Sportsline AS6 Avant"},{"@type":"BreadcrumbList","@id":"https:\/\/letocar.com\/pt-pt\/abt-sportsline-as6-avant\/#breadcrumb","itemListElement":[{"@type":"ListItem","position":1,"name":"Portada","item":"https:\/\/letocar.com\/pt-pt\/marca-e-modelos\/"},{"@type":"ListItem","position":2,"name":"Abt Sportsline AS6 Avant"}]},{"@type":"WebSite","@id":"https:\/\/letocar.com\/pt-pt\/#website","url":"https:\/\/letocar.com\/pt-pt\/","name":"Letocar","description":"Marcas de autom\u00f3veis","publisher":{"@id":"https:\/\/letocar.com\/pt-pt\/#\/schema\/person\/e07fbbf870bfde1ff50b996fb4364505"},"potentialAction":[{"@type":"SearchAction","target":{"@type":"EntryPoint","urlTemplate":"https:\/\/letocar.com\/pt-pt\/?s={search_term_string}"},"query-input":{"@type":"PropertyValueSpecification","valueRequired":true,"valueName":"search_term_string"}}],"inLanguage":"pt-PT"},{"@type":["Person","Organization"],"@id":"https:\/\/letocar.com\/pt-pt\/#\/schema\/person\/e07fbbf870bfde1ff50b996fb4364505","name":"letocar","image":{"@type":"ImageObject","inLanguage":"pt-PT","@id":"https:\/\/letocar.com\/pt-pt\/#\/schema\/person\/image\/","url":"https:\/\/secure.gravatar.com\/avatar\/b08c9d4ae58d95ca8255e54f1b013571a142c6ad94983f02479bce2860597a63?s=96&d=mm&r=g","contentUrl":"https:\/\/secure.gravatar.com\/avatar\/b08c9d4ae58d95ca8255e54f1b013571a142c6ad94983f02479bce2860597a63?s=96&d=mm&r=g","caption":"letocar"},"logo":{"@id":"https:\/\/letocar.com\/pt-pt\/#\/schema\/person\/image\/"}}]}},"_links":{"self":[{"href":"https:\/\/letocar.com\/pt-pt\/wp-json\/wp\/v2\/posts\/2408","targetHints":{"allow":["GET"]}}],"collection":[{"href":"https:\/\/letocar.com\/pt-pt\/wp-json\/wp\/v2\/posts"}],"about":[{"href":"https:\/\/letocar.com\/pt-pt\/wp-json\/wp\/v2\/types\/post"}],"author":[{"embeddable":true,"href":"https:\/\/letocar.com\/pt-pt\/wp-json\/wp\/v2\/users\/1"}],"replies":[{"embeddable":true,"href":"https:\/\/letocar.com\/pt-pt\/wp-json\/wp\/v2\/comments?post=2408"}],"version-history":[{"count":0,"href":"https:\/\/letocar.com\/pt-pt\/wp-json\/wp\/v2\/posts\/2408\/revisions"}],"wp:featuredmedia":[{"embeddable":true,"href":"https:\/\/letocar.com\/pt-pt\/wp-json\/wp\/v2\/media\/2395"}],"wp:attachment":[{"href":"https:\/\/letocar.com\/pt-pt\/wp-json\/wp\/v2\/media?parent=2408"}],"wp:term":[{"taxonomy":"category","embeddable":true,"href":"https:\/\/letocar.com\/pt-pt\/wp-json\/wp\/v2\/categories?post=2408"},{"taxonomy":"post_tag","embeddable":true,"href":"https:\/\/letocar.com\/pt-pt\/wp-json\/wp\/v2\/tags?post=2408"}],"curies":[{"name":"wp","href":"https:\/\/api.w.org\/{rel}","templated":true}]}}