{"id":1347,"date":"2019-03-20T20:21:31","date_gmt":"2019-03-20T19:21:31","guid":{"rendered":"https:\/\/letocar.com\/?p=1347"},"modified":"2019-03-21T12:33:11","modified_gmt":"2019-03-21T11:33:11","slug":"abarth-695-edizione-maserati-record-grey","status":"publish","type":"post","link":"https:\/\/letocar.com\/pt-pt\/abarth-695-edizione-maserati-record-grey\/","title":{"rendered":"Abarth 695 Edizione Maserati Record Grey"},"content":{"rendered":"<p><a href=\"https:\/\/letocar.com\/wp-content\/uploads\/2019\/03\/Abarth-695-Edizione-Maserati-Record-Grey.jpg\"><img decoding=\"async\" src=\"https:\/\/letocar.com\/wp-content\/uploads\/2019\/03\/Abarth-695-Edizione-Maserati-Record-Grey.jpg\" alt=\"Abarth 695 Edizione Maserati Record Grey\" width=\"1280\" height=\"800\" class=\"aligncenter size-full wp-image-1329\" srcset=\"https:\/\/letocar.com\/wp-content\/uploads\/2019\/03\/Abarth-695-Edizione-Maserati-Record-Grey.jpg 1280w, https:\/\/letocar.com\/wp-content\/uploads\/2019\/03\/Abarth-695-Edizione-Maserati-Record-Grey-300x188.jpg 300w, https:\/\/letocar.com\/wp-content\/uploads\/2019\/03\/Abarth-695-Edizione-Maserati-Record-Grey-768x480.jpg 768w, https:\/\/letocar.com\/wp-content\/uploads\/2019\/03\/Abarth-695-Edizione-Maserati-Record-Grey-1024x640.jpg 1024w, https:\/\/letocar.com\/wp-content\/uploads\/2019\/03\/Abarth-695-Edizione-Maserati-Record-Grey-700x438.jpg 700w, https:\/\/letocar.com\/wp-content\/uploads\/2019\/03\/Abarth-695-Edizione-Maserati-Record-Grey-482x300.jpg 482w\" sizes=\"(max-width: 1280px) 100vw, 1280px\" \/><\/a><\/p>\n<ul>\n<li>Uma edi\u00e7\u00e3o limitada de apenas 49 carros com uma cor especial &#8220;Record Grey&#8221; comemorou a cria\u00e7\u00e3o da marca Abarth que ocorreu em 1949.<\/li>\n<li>Eleg\u00e2ncia e poder&#8217;: s\u00edntese da qualidade do estilo italiano no sector autom\u00f3vel <\/li>\n<\/ul>\n<p>O mundo da Abarth Specialties tamb\u00e9m foi representado em Frankfurt pela 695 Maserati Edition, um concentrado de esportividade, classe e performance produzido por Abarth e Maserati. O carro exposto foi &#8220;vestido&#8221; com uma nova e sofisticada pintura &#8220;Record Grey&#8221; adicionada a &#8220;Pontevecchio Burgundy&#8221;. Al\u00e9m da nova pintura met\u00e1lica, a Abarth 695 Maserati Edition, em Frankfurt, apresentava um capuz preto e rodas pretas de 17&#8243; Neptune, de cor preta brilhante.<\/p>\n<p>Uma edi\u00e7\u00e3o limitada de um projeto exclusivo: uma edi\u00e7\u00e3o especial limitada de apenas 49 carros com uma cor especial &#8216;Record Grey&#8217; para celebrar o estabelecimento da marca Abarth que ocorreu em 1949. Por esta raz\u00e3o, carros especiais foram identificados por uma placa colocada no interior do carro com n\u00fameros sequenciais de 1 a 49.<\/p>\n<p>Al\u00e9m disso, as marcas Abarth e Maserati compartilham muitos valores, como aten\u00e7\u00e3o aos detalhes, eleg\u00e2ncia e paix\u00e3o pelo desempenho e esportividade. O Abarth 695 Maserati Edition \u00e9 o resultado desta rela\u00e7\u00e3o. \u00c9 a derradeira express\u00e3o de eleg\u00e2ncia combinada com o conforto de um GranTurismo, mas com o manuseamento de um autom\u00f3vel apto para sair \u00e0 estrada todos os dias.<\/p>\n<h3>Eleg\u00e2ncia e pot\u00eancia <\/h3>\n<p>Ap\u00f3s a sua estreia no Sal\u00e3o Autom\u00f3vel Internacional de Paris em 2012, o Abarth 695 Maserati Edition fez sonhar os amantes de carros desportivos compactos. O m\u00e9rito \u00e9 o motor 1.4 Turbo T-Jet 16v sintonizado para desenvolver 180 cv e combinado com a caixa de velocidades manual Abarth Competizione com acionamento el\u00e9trico e controles do volante. Al\u00e9m disso, a cabina refor\u00e7ou o sistema de condu\u00e7\u00e3o e travagem: discos de trav\u00e3o destac\u00e1veis Brembo 305 mm com pin\u00e7as fixas de quatro pist\u00f5es e amortecedores Koni especiais que garantiram um desempenho em total seguran\u00e7a. E depois houve o escape de contrapress\u00e3o vari\u00e1vel de modo duplo, projetado para melhorar o desempenho do motor e proporcionar um som inspirador a mais de 3.000 rpm.<\/p>\n<p><a href=\"https:\/\/letocar.com\/wp-content\/uploads\/2019\/03\/Abarth-695-Edizione-Maserati-Record-Grey-1.jpg\"><img decoding=\"async\" src=\"https:\/\/letocar.com\/wp-content\/uploads\/2019\/03\/Abarth-695-Edizione-Maserati-Record-Grey-1.jpg\" alt=\"Abarth 695 Edizione Maserati Record Grey Interior\" width=\"1110\" height=\"798\" class=\"aligncenter size-full wp-image-1334\" srcset=\"https:\/\/letocar.com\/wp-content\/uploads\/2019\/03\/Abarth-695-Edizione-Maserati-Record-Grey-1.jpg 1110w, https:\/\/letocar.com\/wp-content\/uploads\/2019\/03\/Abarth-695-Edizione-Maserati-Record-Grey-1-300x216.jpg 300w, https:\/\/letocar.com\/wp-content\/uploads\/2019\/03\/Abarth-695-Edizione-Maserati-Record-Grey-1-768x552.jpg 768w, https:\/\/letocar.com\/wp-content\/uploads\/2019\/03\/Abarth-695-Edizione-Maserati-Record-Grey-1-1024x736.jpg 1024w, https:\/\/letocar.com\/wp-content\/uploads\/2019\/03\/Abarth-695-Edizione-Maserati-Record-Grey-1-700x503.jpg 700w\" sizes=\"(max-width: 1110px) 100vw, 1110px\" \/><\/a><\/p>\n<p><H3>Interiores que demonstrem aten\u00e7\u00e3o aos detalhes e desportivismo <\/h3>\n<p>.<\/p>\n<p>A personaliza\u00e7\u00e3o foi igualmente completa por dentro. Os interiores mostraram tanto a aten\u00e7\u00e3o aos detalhes como a esportividade que caracteriza as marcas Abarth e Maserati, come\u00e7ando pelos bancos estofados inteiramente em couro bege areia, com tiras de estofos de camada \u00fanica desportivas, mas elegantes e confort\u00e1veis, e com detalhes elegantes como o n\u00famero &#8220;695&#8221; impresso no apoio de cabe\u00e7a.<\/p>\n<p>O acabamento do painel de instrumentos e da caixa de velocidades tem um forro de carbono especial com acabamento mate, real\u00e7ado pelo log\u00f3tipo 695. O volante em couro preto com inser\u00e7\u00f5es em couro bege. A caixa de velocidades controla no mesmo volante, com o painel de instrumentos fabricado especificamente pela marca Jaeger. Outros detalhes enriqueceram o interior, como os pedais de alum\u00ednio e a placa da soleira e uma placa com o n\u00famero de s\u00e9rie do carro, de 1 a 49.<\/p>\n<h3>Equipamento exclusivo <\/h3>\n<p>Como prova da sua voca\u00e7\u00e3o tur\u00edstica, a Abarth 695 Maserati Edition veio de f\u00e1brica com um sistema de \u00e1udio Hi-Fi JBL constru\u00eddo pela Harman, com 9 colunas e um amplificador de 8 canais que fornecia 400W de pot\u00eancia total.<\/p>\n<p>Far\u00f3is de x\u00e9non com fun\u00e7\u00f5es de luzes de cruzamento e de condu\u00e7\u00e3o para uma melhor emiss\u00e3o de luz e um excelente desempenho em todas as condi\u00e7\u00f5es meteorol\u00f3gicas. Na verdade, estes dispositivos forneceram tr\u00eas vezes a intensidade da luz e a vida \u00fatil dos far\u00f3is de halog\u00e9neo padr\u00e3o.<\/p>\n<p>(do comunicado de imprensa da Fiat) Abarth 695 Maserati Edition: novo tom &#8220;Record Grey<\/p>\n","protected":false},"excerpt":{"rendered":"<p><a href=\"https:\/\/letocar.com\/wp-content\/uploads\/2019\/03\/Abarth-695-Edizione-Maserati-Record-Grey.jpg\"><\/a><\/p>\n<p>Uma edi\u00e7\u00e3o limitada de apenas 49 carros com uma cor especial &#8220;Record Grey&#8221; comemorou a cria\u00e7\u00e3o da marca Abarth que ocorreu em 1949.<br \/>\nEleg\u00e2ncia  &#8230; <a href=\"https:\/\/letocar.com\/pt-pt\/abarth-695-edizione-maserati-record-grey\/\" class=\"read-more\"> Leia mais &#8220;<\/a><\/p>\n","protected":false},"author":1,"featured_media":1333,"comment_status":"open","ping_status":"open","sticky":false,"template":"","format":"standard","meta":{"_acf_changed":false,"footnotes":""},"categories":[81,208,82],"tags":[],"class_list":["post-1347","post","type-post","status-publish","format-standard","has-post-thumbnail","hentry","category-a-pt-pt-3","category-abarth-pt-pt","category-automoveis-pt-pt"],"acf":[],"yoast_head":"<!-- This site is optimized with the Yoast SEO plugin v25.3.1 - https:\/\/yoast.com\/wordpress\/plugins\/seo\/ -->\n<title>Abarth 695 Edizione Maserati Record Grey - Letocar<\/title>\n<meta name=\"robots\" content=\"index, follow, max-snippet:-1, max-image-preview:large, max-video-preview:-1\" \/>\n<link rel=\"canonical\" href=\"https:\/\/letocar.com\/pt-pt\/abarth-695-edizione-maserati-record-grey\/\" \/>\n<meta property=\"og:locale\" content=\"pt_PT\" \/>\n<meta property=\"og:type\" content=\"article\" \/>\n<meta property=\"og:title\" content=\"Abarth 695 Edizione Maserati Record Grey - Letocar\" \/>\n<meta property=\"og:description\" content=\"Uma edi\u00e7\u00e3o limitada de apenas 49 carros com uma cor especial &#8220;Record Grey&#8221; comemorou a cria\u00e7\u00e3o da marca Abarth que ocorreu em 1949. Eleg\u00e2ncia ... Leia mais &quot;\" \/>\n<meta property=\"og:url\" content=\"https:\/\/letocar.com\/pt-pt\/abarth-695-edizione-maserati-record-grey\/\" \/>\n<meta property=\"og:site_name\" content=\"Letocar\" \/>\n<meta property=\"article:published_time\" content=\"2019-03-20T19:21:31+00:00\" \/>\n<meta property=\"article:modified_time\" content=\"2019-03-21T11:33:11+00:00\" \/>\n<meta property=\"og:image\" content=\"https:\/\/letocar.com\/wp-content\/uploads\/2019\/03\/Abarth-695-Edizione-Maserati-Record-Grey.jpg\" \/>\n\t<meta property=\"og:image:width\" content=\"1280\" \/>\n\t<meta property=\"og:image:height\" content=\"800\" \/>\n\t<meta property=\"og:image:type\" content=\"image\/jpeg\" \/>\n<meta name=\"author\" content=\"letocar\" \/>\n<meta name=\"twitter:card\" content=\"summary_large_image\" \/>\n<meta name=\"twitter:label1\" content=\"Escrito por\" \/>\n\t<meta name=\"twitter:data1\" content=\"letocar\" \/>\n\t<meta name=\"twitter:label2\" content=\"Tempo estimado de leitura\" \/>\n\t<meta name=\"twitter:data2\" content=\"3 minutos\" \/>\n<script type=\"application\/ld+json\" class=\"yoast-schema-graph\">{\"@context\":\"https:\/\/schema.org\",\"@graph\":[{\"@type\":\"Article\",\"@id\":\"https:\/\/letocar.com\/pt-pt\/abarth-695-edizione-maserati-record-grey\/#article\",\"isPartOf\":{\"@id\":\"https:\/\/letocar.com\/pt-pt\/abarth-695-edizione-maserati-record-grey\/\"},\"author\":{\"name\":\"letocar\",\"@id\":\"https:\/\/letocar.com\/pt-pt\/#\/schema\/person\/e07fbbf870bfde1ff50b996fb4364505\"},\"headline\":\"Abarth 695 Edizione Maserati Record Grey\",\"datePublished\":\"2019-03-20T19:21:31+00:00\",\"dateModified\":\"2019-03-21T11:33:11+00:00\",\"mainEntityOfPage\":{\"@id\":\"https:\/\/letocar.com\/pt-pt\/abarth-695-edizione-maserati-record-grey\/\"},\"wordCount\":632,\"commentCount\":0,\"publisher\":{\"@id\":\"https:\/\/letocar.com\/pt-pt\/#\/schema\/person\/e07fbbf870bfde1ff50b996fb4364505\"},\"image\":{\"@id\":\"https:\/\/letocar.com\/pt-pt\/abarth-695-edizione-maserati-record-grey\/#primaryimage\"},\"thumbnailUrl\":\"https:\/\/letocar.com\/wp-content\/uploads\/2019\/03\/Abarth-695-Edizione-Maserati-Record-Grey.jpg\",\"articleSection\":[\"A\",\"Abarth\",\"Autom\u00f3veis\"],\"inLanguage\":\"pt-PT\",\"potentialAction\":[{\"@type\":\"CommentAction\",\"name\":\"Comment\",\"target\":[\"https:\/\/letocar.com\/pt-pt\/abarth-695-edizione-maserati-record-grey\/#respond\"]}]},{\"@type\":\"WebPage\",\"@id\":\"https:\/\/letocar.com\/pt-pt\/abarth-695-edizione-maserati-record-grey\/\",\"url\":\"https:\/\/letocar.com\/pt-pt\/abarth-695-edizione-maserati-record-grey\/\",\"name\":\"Abarth 695 Edizione Maserati Record Grey - Letocar\",\"isPartOf\":{\"@id\":\"https:\/\/letocar.com\/pt-pt\/#website\"},\"primaryImageOfPage\":{\"@id\":\"https:\/\/letocar.com\/pt-pt\/abarth-695-edizione-maserati-record-grey\/#primaryimage\"},\"image\":{\"@id\":\"https:\/\/letocar.com\/pt-pt\/abarth-695-edizione-maserati-record-grey\/#primaryimage\"},\"thumbnailUrl\":\"https:\/\/letocar.com\/wp-content\/uploads\/2019\/03\/Abarth-695-Edizione-Maserati-Record-Grey.jpg\",\"datePublished\":\"2019-03-20T19:21:31+00:00\",\"dateModified\":\"2019-03-21T11:33:11+00:00\",\"breadcrumb\":{\"@id\":\"https:\/\/letocar.com\/pt-pt\/abarth-695-edizione-maserati-record-grey\/#breadcrumb\"},\"inLanguage\":\"pt-PT\",\"potentialAction\":[{\"@type\":\"ReadAction\",\"target\":[\"https:\/\/letocar.com\/pt-pt\/abarth-695-edizione-maserati-record-grey\/\"]}]},{\"@type\":\"ImageObject\",\"inLanguage\":\"pt-PT\",\"@id\":\"https:\/\/letocar.com\/pt-pt\/abarth-695-edizione-maserati-record-grey\/#primaryimage\",\"url\":\"https:\/\/letocar.com\/wp-content\/uploads\/2019\/03\/Abarth-695-Edizione-Maserati-Record-Grey.jpg\",\"contentUrl\":\"https:\/\/letocar.com\/wp-content\/uploads\/2019\/03\/Abarth-695-Edizione-Maserati-Record-Grey.jpg\",\"width\":1280,\"height\":800,\"caption\":\"Abarth 695 Edizione Maserati Record Grey\"},{\"@type\":\"BreadcrumbList\",\"@id\":\"https:\/\/letocar.com\/pt-pt\/abarth-695-edizione-maserati-record-grey\/#breadcrumb\",\"itemListElement\":[{\"@type\":\"ListItem\",\"position\":1,\"name\":\"Portada\",\"item\":\"https:\/\/letocar.com\/pt-pt\/marca-e-modelos\/\"},{\"@type\":\"ListItem\",\"position\":2,\"name\":\"Abarth 695 Edizione Maserati Record Grey\"}]},{\"@type\":\"WebSite\",\"@id\":\"https:\/\/letocar.com\/pt-pt\/#website\",\"url\":\"https:\/\/letocar.com\/pt-pt\/\",\"name\":\"Letocar\",\"description\":\"Marcas de autom\u00f3veis\",\"publisher\":{\"@id\":\"https:\/\/letocar.com\/pt-pt\/#\/schema\/person\/e07fbbf870bfde1ff50b996fb4364505\"},\"potentialAction\":[{\"@type\":\"SearchAction\",\"target\":{\"@type\":\"EntryPoint\",\"urlTemplate\":\"https:\/\/letocar.com\/pt-pt\/?s={search_term_string}\"},\"query-input\":{\"@type\":\"PropertyValueSpecification\",\"valueRequired\":true,\"valueName\":\"search_term_string\"}}],\"inLanguage\":\"pt-PT\"},{\"@type\":[\"Person\",\"Organization\"],\"@id\":\"https:\/\/letocar.com\/pt-pt\/#\/schema\/person\/e07fbbf870bfde1ff50b996fb4364505\",\"name\":\"letocar\",\"image\":{\"@type\":\"ImageObject\",\"inLanguage\":\"pt-PT\",\"@id\":\"https:\/\/letocar.com\/pt-pt\/#\/schema\/person\/image\/\",\"url\":\"https:\/\/secure.gravatar.com\/avatar\/b08c9d4ae58d95ca8255e54f1b013571a142c6ad94983f02479bce2860597a63?s=96&d=mm&r=g\",\"contentUrl\":\"https:\/\/secure.gravatar.com\/avatar\/b08c9d4ae58d95ca8255e54f1b013571a142c6ad94983f02479bce2860597a63?s=96&d=mm&r=g\",\"caption\":\"letocar\"},\"logo\":{\"@id\":\"https:\/\/letocar.com\/pt-pt\/#\/schema\/person\/image\/\"}}]}<\/script>\n<!-- \/ Yoast SEO plugin. -->","yoast_head_json":{"title":"Abarth 695 Edizione Maserati Record Grey - Letocar","robots":{"index":"index","follow":"follow","max-snippet":"max-snippet:-1","max-image-preview":"max-image-preview:large","max-video-preview":"max-video-preview:-1"},"canonical":"https:\/\/letocar.com\/pt-pt\/abarth-695-edizione-maserati-record-grey\/","og_locale":"pt_PT","og_type":"article","og_title":"Abarth 695 Edizione Maserati Record Grey - Letocar","og_description":"Uma edi\u00e7\u00e3o limitada de apenas 49 carros com uma cor especial &#8220;Record Grey&#8221; comemorou a cria\u00e7\u00e3o da marca Abarth que ocorreu em 1949. Eleg\u00e2ncia ... Leia mais \"","og_url":"https:\/\/letocar.com\/pt-pt\/abarth-695-edizione-maserati-record-grey\/","og_site_name":"Letocar","article_published_time":"2019-03-20T19:21:31+00:00","article_modified_time":"2019-03-21T11:33:11+00:00","og_image":[{"width":1280,"height":800,"url":"https:\/\/letocar.com\/wp-content\/uploads\/2019\/03\/Abarth-695-Edizione-Maserati-Record-Grey.jpg","type":"image\/jpeg"}],"author":"letocar","twitter_card":"summary_large_image","twitter_misc":{"Escrito por":"letocar","Tempo estimado de leitura":"3 minutos"},"schema":{"@context":"https:\/\/schema.org","@graph":[{"@type":"Article","@id":"https:\/\/letocar.com\/pt-pt\/abarth-695-edizione-maserati-record-grey\/#article","isPartOf":{"@id":"https:\/\/letocar.com\/pt-pt\/abarth-695-edizione-maserati-record-grey\/"},"author":{"name":"letocar","@id":"https:\/\/letocar.com\/pt-pt\/#\/schema\/person\/e07fbbf870bfde1ff50b996fb4364505"},"headline":"Abarth 695 Edizione Maserati Record Grey","datePublished":"2019-03-20T19:21:31+00:00","dateModified":"2019-03-21T11:33:11+00:00","mainEntityOfPage":{"@id":"https:\/\/letocar.com\/pt-pt\/abarth-695-edizione-maserati-record-grey\/"},"wordCount":632,"commentCount":0,"publisher":{"@id":"https:\/\/letocar.com\/pt-pt\/#\/schema\/person\/e07fbbf870bfde1ff50b996fb4364505"},"image":{"@id":"https:\/\/letocar.com\/pt-pt\/abarth-695-edizione-maserati-record-grey\/#primaryimage"},"thumbnailUrl":"https:\/\/letocar.com\/wp-content\/uploads\/2019\/03\/Abarth-695-Edizione-Maserati-Record-Grey.jpg","articleSection":["A","Abarth","Autom\u00f3veis"],"inLanguage":"pt-PT","potentialAction":[{"@type":"CommentAction","name":"Comment","target":["https:\/\/letocar.com\/pt-pt\/abarth-695-edizione-maserati-record-grey\/#respond"]}]},{"@type":"WebPage","@id":"https:\/\/letocar.com\/pt-pt\/abarth-695-edizione-maserati-record-grey\/","url":"https:\/\/letocar.com\/pt-pt\/abarth-695-edizione-maserati-record-grey\/","name":"Abarth 695 Edizione Maserati Record Grey - Letocar","isPartOf":{"@id":"https:\/\/letocar.com\/pt-pt\/#website"},"primaryImageOfPage":{"@id":"https:\/\/letocar.com\/pt-pt\/abarth-695-edizione-maserati-record-grey\/#primaryimage"},"image":{"@id":"https:\/\/letocar.com\/pt-pt\/abarth-695-edizione-maserati-record-grey\/#primaryimage"},"thumbnailUrl":"https:\/\/letocar.com\/wp-content\/uploads\/2019\/03\/Abarth-695-Edizione-Maserati-Record-Grey.jpg","datePublished":"2019-03-20T19:21:31+00:00","dateModified":"2019-03-21T11:33:11+00:00","breadcrumb":{"@id":"https:\/\/letocar.com\/pt-pt\/abarth-695-edizione-maserati-record-grey\/#breadcrumb"},"inLanguage":"pt-PT","potentialAction":[{"@type":"ReadAction","target":["https:\/\/letocar.com\/pt-pt\/abarth-695-edizione-maserati-record-grey\/"]}]},{"@type":"ImageObject","inLanguage":"pt-PT","@id":"https:\/\/letocar.com\/pt-pt\/abarth-695-edizione-maserati-record-grey\/#primaryimage","url":"https:\/\/letocar.com\/wp-content\/uploads\/2019\/03\/Abarth-695-Edizione-Maserati-Record-Grey.jpg","contentUrl":"https:\/\/letocar.com\/wp-content\/uploads\/2019\/03\/Abarth-695-Edizione-Maserati-Record-Grey.jpg","width":1280,"height":800,"caption":"Abarth 695 Edizione Maserati Record Grey"},{"@type":"BreadcrumbList","@id":"https:\/\/letocar.com\/pt-pt\/abarth-695-edizione-maserati-record-grey\/#breadcrumb","itemListElement":[{"@type":"ListItem","position":1,"name":"Portada","item":"https:\/\/letocar.com\/pt-pt\/marca-e-modelos\/"},{"@type":"ListItem","position":2,"name":"Abarth 695 Edizione Maserati Record Grey"}]},{"@type":"WebSite","@id":"https:\/\/letocar.com\/pt-pt\/#website","url":"https:\/\/letocar.com\/pt-pt\/","name":"Letocar","description":"Marcas de autom\u00f3veis","publisher":{"@id":"https:\/\/letocar.com\/pt-pt\/#\/schema\/person\/e07fbbf870bfde1ff50b996fb4364505"},"potentialAction":[{"@type":"SearchAction","target":{"@type":"EntryPoint","urlTemplate":"https:\/\/letocar.com\/pt-pt\/?s={search_term_string}"},"query-input":{"@type":"PropertyValueSpecification","valueRequired":true,"valueName":"search_term_string"}}],"inLanguage":"pt-PT"},{"@type":["Person","Organization"],"@id":"https:\/\/letocar.com\/pt-pt\/#\/schema\/person\/e07fbbf870bfde1ff50b996fb4364505","name":"letocar","image":{"@type":"ImageObject","inLanguage":"pt-PT","@id":"https:\/\/letocar.com\/pt-pt\/#\/schema\/person\/image\/","url":"https:\/\/secure.gravatar.com\/avatar\/b08c9d4ae58d95ca8255e54f1b013571a142c6ad94983f02479bce2860597a63?s=96&d=mm&r=g","contentUrl":"https:\/\/secure.gravatar.com\/avatar\/b08c9d4ae58d95ca8255e54f1b013571a142c6ad94983f02479bce2860597a63?s=96&d=mm&r=g","caption":"letocar"},"logo":{"@id":"https:\/\/letocar.com\/pt-pt\/#\/schema\/person\/image\/"}}]}},"_links":{"self":[{"href":"https:\/\/letocar.com\/pt-pt\/wp-json\/wp\/v2\/posts\/1347","targetHints":{"allow":["GET"]}}],"collection":[{"href":"https:\/\/letocar.com\/pt-pt\/wp-json\/wp\/v2\/posts"}],"about":[{"href":"https:\/\/letocar.com\/pt-pt\/wp-json\/wp\/v2\/types\/post"}],"author":[{"embeddable":true,"href":"https:\/\/letocar.com\/pt-pt\/wp-json\/wp\/v2\/users\/1"}],"replies":[{"embeddable":true,"href":"https:\/\/letocar.com\/pt-pt\/wp-json\/wp\/v2\/comments?post=1347"}],"version-history":[{"count":0,"href":"https:\/\/letocar.com\/pt-pt\/wp-json\/wp\/v2\/posts\/1347\/revisions"}],"wp:featuredmedia":[{"embeddable":true,"href":"https:\/\/letocar.com\/pt-pt\/wp-json\/wp\/v2\/media\/1333"}],"wp:attachment":[{"href":"https:\/\/letocar.com\/pt-pt\/wp-json\/wp\/v2\/media?parent=1347"}],"wp:term":[{"taxonomy":"category","embeddable":true,"href":"https:\/\/letocar.com\/pt-pt\/wp-json\/wp\/v2\/categories?post=1347"},{"taxonomy":"post_tag","embeddable":true,"href":"https:\/\/letocar.com\/pt-pt\/wp-json\/wp\/v2\/tags?post=1347"}],"curies":[{"name":"wp","href":"https:\/\/api.w.org\/{rel}","templated":true}]}}