{"id":3378,"date":"2019-06-16T16:51:48","date_gmt":"2019-06-16T14:51:48","guid":{"rendered":"https:\/\/letocar.com\/?p=3378"},"modified":"2019-06-24T14:56:25","modified_gmt":"2019-06-24T12:56:25","slug":"fab-design-porsche-panamera","status":"publish","type":"post","link":"https:\/\/letocar.com\/de\/fab-design-porsche-panamera\/","title":{"rendered":"FAB Design Porsche Panamera"},"content":{"rendered":"<p><a href=\"https:\/\/letocar.com\/wp-content\/uploads\/2019\/06\/FAB-Design-Porsche-Panamera-Side-Top.jpg\"><img decoding=\"async\" src=\"https:\/\/letocar.com\/wp-content\/uploads\/2019\/06\/FAB-Design-Porsche-Panamera-Side-Top.jpg\" alt=\"FAB Design Porsche Panamera - Side Top\" width=\"1544\" height=\"932\" class=\"aligncenter size-full wp-image-3359\" srcset=\"https:\/\/letocar.com\/wp-content\/uploads\/2019\/06\/FAB-Design-Porsche-Panamera-Side-Top.jpg 1544w, https:\/\/letocar.com\/wp-content\/uploads\/2019\/06\/FAB-Design-Porsche-Panamera-Side-Top-300x181.jpg 300w, https:\/\/letocar.com\/wp-content\/uploads\/2019\/06\/FAB-Design-Porsche-Panamera-Side-Top-768x464.jpg 768w, https:\/\/letocar.com\/wp-content\/uploads\/2019\/06\/FAB-Design-Porsche-Panamera-Side-Top-1024x618.jpg 1024w, https:\/\/letocar.com\/wp-content\/uploads\/2019\/06\/FAB-Design-Porsche-Panamera-Side-Top-700x423.jpg 700w\" sizes=\"(max-width: 1544px) 100vw, 1544px\" \/><\/a><\/p>\n<h2>FAB Design Porsche Panamera: Ein breites Spektrum<\/h2>\n<p>FAB Design hat den neuen Porsche Panamera weiterentwickelt und das serienm\u00e4\u00dfige und konservative Produkt in ein Traumauto verwandelt.<\/p>\n<p>Die Mellinger Tuner haben ihr Programm von einem urspr\u00fcnglich auf Mercedes limitierten Tuner auf die exklusive FAB-Linie erweitert. Hier werden, haupts\u00e4chlich nach Kundenwunsch, kleine Mengen &#8211; begrenzt auf nicht mehr als 15 &#8211; anderer Luxusmarken entwickelt. Auf diese Weise wurden Maybach und McLaren verfeinert. Der FAB Design Porsche Panamera ist damit das erste &#8211; aber nicht das letzte &#8211; Fahrzeug dieser neuen Baureihe, das nicht aus dem Hause Daimler stammt.<\/p>\n<p><a href=\"https:\/\/letocar.com\/wp-content\/uploads\/2019\/06\/FAB-Design-Porsche-Panamera-Interior.jpg\"><img decoding=\"async\" src=\"https:\/\/letocar.com\/wp-content\/uploads\/2019\/06\/FAB-Design-Porsche-Panamera-Interior-300x200.jpg\" alt=\"FAB-Design-Porsche-Panamera---Interior\" width=\"300\" height=\"200\" class=\"alignright size-medium wp-image-3371\" srcset=\"https:\/\/letocar.com\/wp-content\/uploads\/2019\/06\/FAB-Design-Porsche-Panamera-Interior-300x200.jpg 300w, https:\/\/letocar.com\/wp-content\/uploads\/2019\/06\/FAB-Design-Porsche-Panamera-Interior-768x512.jpg 768w, https:\/\/letocar.com\/wp-content\/uploads\/2019\/06\/FAB-Design-Porsche-Panamera-Interior-1024x683.jpg 1024w, https:\/\/letocar.com\/wp-content\/uploads\/2019\/06\/FAB-Design-Porsche-Panamera-Interior-700x467.jpg 700w, https:\/\/letocar.com\/wp-content\/uploads\/2019\/06\/FAB-Design-Porsche-Panamera-Interior.jpg 1600w\" sizes=\"(max-width: 300px) 100vw, 300px\" \/><\/a><\/p>\n<p>Die erstmals von FAB modifizierte Sportlimousine zeichnet sich vor allem durch ihre breite Karosserie aus. Es besteht aus einem neu gestalteten Sportfrontelement mit st\u00e4rkeren K\u00fchllufteinl\u00e4ssen und einem allumfassenden Frontspoiler. Die Fronthaube und andere Au\u00dfenzubeh\u00f6rteile sind nat\u00fcrlich aus Carbon gefertigt.<\/p>\n<p>Das Auge des Betrachters f\u00e4llt sofort in den verbreiterten Fl\u00fcgel, der die Hintert\u00fcren der Passagiere so elegant aufnimmt, dass das Fahrzeug eher wie ein Coup\u00e9 aussieht. Dar\u00fcber hinaus wurden die Seitenschweller designgetreu gefertigt und verbinden die Linie der Frontsch\u00fcrze mit dem Heck des Fahrzeugs, in dem eine v\u00f6llig neue Form des Heckspoilers thront, der den optimalen Luftstrom aus dem Dachspoiler erh\u00e4lt und perfekt zur Leistung des Fahrzeugs passt. Darunter befindet sich die FAB-Hecksch\u00fcrze mit integriertem Diffusor und drei trapezf\u00f6rmigen Enden in der Mitte.<\/p>\n<p>Die oben genannten Kohlefaser-Heckfl\u00fcgel wurden entwickelt, um die Leistung am Heck des Fahrzeugs zu verbessern, so dass die Mellinger Ingenieure die Leistung nicht \u00fcbersehen haben.<\/p>\n<p>Nach dem Umbau leistet der 4,8-Liter-Turbo bis zu 700 PS. Durch den Einbau eines Absenkmoduls wird der Schwerpunkt des Fahrzeugs um rund 20 Millimeter reduziert. F\u00fcr die richtige Bremsung sorgt ein Sportbremssystem, das hinter den 22-Zoll-Dreispeichenfelgen zu sehen ist.<\/p>\n<p>In diesem Fall erreicht er eine H\u00f6chstgeschwindigkeit von 330 km\/h und beschleunigt in nur 3,5 Sekunden von 0 auf 100 km\/h.<\/p>\n<p><a href=\"https:\/\/letocar.com\/wp-content\/uploads\/2019\/06\/FAB-Design-Porsche-Panamera-Rear.jpg\"><img decoding=\"async\" src=\"https:\/\/letocar.com\/wp-content\/uploads\/2019\/06\/FAB-Design-Porsche-Panamera-Rear.jpg\" alt=\"Porsche Panamera\" width=\"1920\" height=\"1440\" class=\"aligncenter size-full wp-image-3364\" srcset=\"https:\/\/letocar.com\/wp-content\/uploads\/2019\/06\/FAB-Design-Porsche-Panamera-Rear.jpg 1920w, https:\/\/letocar.com\/wp-content\/uploads\/2019\/06\/FAB-Design-Porsche-Panamera-Rear-300x225.jpg 300w, https:\/\/letocar.com\/wp-content\/uploads\/2019\/06\/FAB-Design-Porsche-Panamera-Rear-768x576.jpg 768w, https:\/\/letocar.com\/wp-content\/uploads\/2019\/06\/FAB-Design-Porsche-Panamera-Rear-1024x768.jpg 1024w, https:\/\/letocar.com\/wp-content\/uploads\/2019\/06\/FAB-Design-Porsche-Panamera-Rear-700x525.jpg 700w\" sizes=\"(max-width: 1920px) 100vw, 1920px\" \/><\/a><\/p>\n<p>(FAB Design Press Release)<br \/>\nImage Credits &#8211; FAB Design<\/p>\n","protected":false},"excerpt":{"rendered":"<p><a href=\"https:\/\/letocar.com\/wp-content\/uploads\/2019\/06\/FAB-Design-Porsche-Panamera-Side-Top.jpg\"><\/a><\/p>\n<p>FAB Design Porsche Panamera: Ein breites Spektrum<\/p>\n<p>FAB Design hat den neuen Porsche Panamera weiterentwickelt und das serienm\u00e4\u00dfige und konservative Produkt in ein Traumauto  &#8230; <a href=\"https:\/\/letocar.com\/de\/fab-design-porsche-panamera\/\" class=\"read-more\"> Mehr erfahren &#8222;<\/a><\/p>\n","protected":false},"author":1,"featured_media":3362,"comment_status":"open","ping_status":"open","sticky":false,"template":"","format":"standard","meta":{"_acf_changed":false,"footnotes":""},"categories":[300,360,74],"tags":[],"class_list":["post-3378","post","type-post","status-publish","format-standard","has-post-thumbnail","hentry","category-f-de","category-fab-design","category-vehicles-de"],"acf":[],"yoast_head":"<!-- This site is optimized with the Yoast SEO plugin v25.3.1 - https:\/\/yoast.com\/wordpress\/plugins\/seo\/ -->\n<title>FAB Design Porsche Panamera: Ein breites Spektrum (2010)<\/title>\n<meta name=\"description\" content=\"FAB Design Porsche Panamera: Ein breites SpektrumFAB Design hat den neuen Porsche Panamera weiterentwickelt und das serienm\u00e4\u00dfige und konservative Produkt\" \/>\n<meta name=\"robots\" content=\"index, follow, max-snippet:-1, max-image-preview:large, max-video-preview:-1\" \/>\n<link rel=\"canonical\" href=\"https:\/\/letocar.com\/de\/fab-design-porsche-panamera\/\" \/>\n<meta property=\"og:locale\" content=\"de_DE\" \/>\n<meta property=\"og:type\" content=\"article\" \/>\n<meta property=\"og:title\" content=\"FAB Design Porsche Panamera: Ein breites Spektrum (2010)\" \/>\n<meta property=\"og:description\" content=\"FAB Design Porsche Panamera: Ein breites SpektrumFAB Design hat den neuen Porsche Panamera weiterentwickelt und das serienm\u00e4\u00dfige und konservative Produkt\" \/>\n<meta property=\"og:url\" content=\"https:\/\/letocar.com\/de\/fab-design-porsche-panamera\/\" \/>\n<meta property=\"og:site_name\" content=\"Letocar\" \/>\n<meta property=\"article:published_time\" content=\"2019-06-16T14:51:48+00:00\" \/>\n<meta property=\"article:modified_time\" content=\"2019-06-24T12:56:25+00:00\" \/>\n<meta property=\"og:image\" content=\"https:\/\/letocar.com\/wp-content\/uploads\/2019\/06\/FAB-Design-Porsche-Panamera-Side-Top.jpg\" \/>\n\t<meta property=\"og:image:width\" content=\"1544\" \/>\n\t<meta property=\"og:image:height\" content=\"932\" \/>\n\t<meta property=\"og:image:type\" content=\"image\/jpeg\" \/>\n<meta name=\"author\" content=\"letocar\" \/>\n<meta name=\"twitter:card\" content=\"summary_large_image\" \/>\n<meta name=\"twitter:label1\" content=\"Verfasst von\" \/>\n\t<meta name=\"twitter:data1\" content=\"letocar\" \/>\n\t<meta name=\"twitter:label2\" content=\"Gesch\u00e4tzte Lesezeit\" \/>\n\t<meta name=\"twitter:data2\" content=\"2\u00a0Minuten\" \/>\n<script type=\"application\/ld+json\" class=\"yoast-schema-graph\">{\"@context\":\"https:\/\/schema.org\",\"@graph\":[{\"@type\":\"Article\",\"@id\":\"https:\/\/letocar.com\/de\/fab-design-porsche-panamera\/#article\",\"isPartOf\":{\"@id\":\"https:\/\/letocar.com\/de\/fab-design-porsche-panamera\/\"},\"author\":{\"name\":\"letocar\",\"@id\":\"https:\/\/letocar.com\/de\/#\/schema\/person\/e07fbbf870bfde1ff50b996fb4364505\"},\"headline\":\"FAB Design Porsche Panamera\",\"datePublished\":\"2019-06-16T14:51:48+00:00\",\"dateModified\":\"2019-06-24T12:56:25+00:00\",\"mainEntityOfPage\":{\"@id\":\"https:\/\/letocar.com\/de\/fab-design-porsche-panamera\/\"},\"wordCount\":331,\"commentCount\":0,\"publisher\":{\"@id\":\"https:\/\/letocar.com\/de\/#\/schema\/person\/e07fbbf870bfde1ff50b996fb4364505\"},\"image\":{\"@id\":\"https:\/\/letocar.com\/de\/fab-design-porsche-panamera\/#primaryimage\"},\"thumbnailUrl\":\"https:\/\/letocar.com\/wp-content\/uploads\/2019\/06\/FAB-Design-Porsche-Panamera-Side-Top.jpg\",\"articleSection\":[\"F\",\"FAB Design\",\"Vehicles\"],\"inLanguage\":\"de\",\"potentialAction\":[{\"@type\":\"CommentAction\",\"name\":\"Comment\",\"target\":[\"https:\/\/letocar.com\/de\/fab-design-porsche-panamera\/#respond\"]}]},{\"@type\":\"WebPage\",\"@id\":\"https:\/\/letocar.com\/de\/fab-design-porsche-panamera\/\",\"url\":\"https:\/\/letocar.com\/de\/fab-design-porsche-panamera\/\",\"name\":\"FAB Design Porsche Panamera: Ein breites Spektrum (2010)\",\"isPartOf\":{\"@id\":\"https:\/\/letocar.com\/de\/#website\"},\"primaryImageOfPage\":{\"@id\":\"https:\/\/letocar.com\/de\/fab-design-porsche-panamera\/#primaryimage\"},\"image\":{\"@id\":\"https:\/\/letocar.com\/de\/fab-design-porsche-panamera\/#primaryimage\"},\"thumbnailUrl\":\"https:\/\/letocar.com\/wp-content\/uploads\/2019\/06\/FAB-Design-Porsche-Panamera-Side-Top.jpg\",\"datePublished\":\"2019-06-16T14:51:48+00:00\",\"dateModified\":\"2019-06-24T12:56:25+00:00\",\"description\":\"FAB Design Porsche Panamera: Ein breites SpektrumFAB Design hat den neuen Porsche Panamera weiterentwickelt und das serienm\u00e4\u00dfige und konservative Produkt\",\"breadcrumb\":{\"@id\":\"https:\/\/letocar.com\/de\/fab-design-porsche-panamera\/#breadcrumb\"},\"inLanguage\":\"de\",\"potentialAction\":[{\"@type\":\"ReadAction\",\"target\":[\"https:\/\/letocar.com\/de\/fab-design-porsche-panamera\/\"]}]},{\"@type\":\"ImageObject\",\"inLanguage\":\"de\",\"@id\":\"https:\/\/letocar.com\/de\/fab-design-porsche-panamera\/#primaryimage\",\"url\":\"https:\/\/letocar.com\/wp-content\/uploads\/2019\/06\/FAB-Design-Porsche-Panamera-Side-Top.jpg\",\"contentUrl\":\"https:\/\/letocar.com\/wp-content\/uploads\/2019\/06\/FAB-Design-Porsche-Panamera-Side-Top.jpg\",\"width\":1544,\"height\":932,\"caption\":\"FAB Design Porsche Panamera - Side Top\"},{\"@type\":\"BreadcrumbList\",\"@id\":\"https:\/\/letocar.com\/de\/fab-design-porsche-panamera\/#breadcrumb\",\"itemListElement\":[{\"@type\":\"ListItem\",\"position\":1,\"name\":\"Portada\",\"item\":\"https:\/\/letocar.com\/de\/marke-und-modelle\/\"},{\"@type\":\"ListItem\",\"position\":2,\"name\":\"FAB Design Porsche Panamera\"}]},{\"@type\":\"WebSite\",\"@id\":\"https:\/\/letocar.com\/de\/#website\",\"url\":\"https:\/\/letocar.com\/de\/\",\"name\":\"Letocar\",\"description\":\"Automarken\",\"publisher\":{\"@id\":\"https:\/\/letocar.com\/de\/#\/schema\/person\/e07fbbf870bfde1ff50b996fb4364505\"},\"potentialAction\":[{\"@type\":\"SearchAction\",\"target\":{\"@type\":\"EntryPoint\",\"urlTemplate\":\"https:\/\/letocar.com\/de\/?s={search_term_string}\"},\"query-input\":{\"@type\":\"PropertyValueSpecification\",\"valueRequired\":true,\"valueName\":\"search_term_string\"}}],\"inLanguage\":\"de\"},{\"@type\":[\"Person\",\"Organization\"],\"@id\":\"https:\/\/letocar.com\/de\/#\/schema\/person\/e07fbbf870bfde1ff50b996fb4364505\",\"name\":\"letocar\",\"image\":{\"@type\":\"ImageObject\",\"inLanguage\":\"de\",\"@id\":\"https:\/\/letocar.com\/de\/#\/schema\/person\/image\/\",\"url\":\"https:\/\/secure.gravatar.com\/avatar\/b08c9d4ae58d95ca8255e54f1b013571a142c6ad94983f02479bce2860597a63?s=96&d=mm&r=g\",\"contentUrl\":\"https:\/\/secure.gravatar.com\/avatar\/b08c9d4ae58d95ca8255e54f1b013571a142c6ad94983f02479bce2860597a63?s=96&d=mm&r=g\",\"caption\":\"letocar\"},\"logo\":{\"@id\":\"https:\/\/letocar.com\/de\/#\/schema\/person\/image\/\"}}]}<\/script>\n<!-- \/ Yoast SEO plugin. -->","yoast_head_json":{"title":"FAB Design Porsche Panamera: Ein breites Spektrum (2010)","description":"FAB Design Porsche Panamera: Ein breites SpektrumFAB Design hat den neuen Porsche Panamera weiterentwickelt und das serienm\u00e4\u00dfige und konservative Produkt","robots":{"index":"index","follow":"follow","max-snippet":"max-snippet:-1","max-image-preview":"max-image-preview:large","max-video-preview":"max-video-preview:-1"},"canonical":"https:\/\/letocar.com\/de\/fab-design-porsche-panamera\/","og_locale":"de_DE","og_type":"article","og_title":"FAB Design Porsche Panamera: Ein breites Spektrum (2010)","og_description":"FAB Design Porsche Panamera: Ein breites SpektrumFAB Design hat den neuen Porsche Panamera weiterentwickelt und das serienm\u00e4\u00dfige und konservative Produkt","og_url":"https:\/\/letocar.com\/de\/fab-design-porsche-panamera\/","og_site_name":"Letocar","article_published_time":"2019-06-16T14:51:48+00:00","article_modified_time":"2019-06-24T12:56:25+00:00","og_image":[{"width":1544,"height":932,"url":"https:\/\/letocar.com\/wp-content\/uploads\/2019\/06\/FAB-Design-Porsche-Panamera-Side-Top.jpg","type":"image\/jpeg"}],"author":"letocar","twitter_card":"summary_large_image","twitter_misc":{"Verfasst von":"letocar","Gesch\u00e4tzte Lesezeit":"2\u00a0Minuten"},"schema":{"@context":"https:\/\/schema.org","@graph":[{"@type":"Article","@id":"https:\/\/letocar.com\/de\/fab-design-porsche-panamera\/#article","isPartOf":{"@id":"https:\/\/letocar.com\/de\/fab-design-porsche-panamera\/"},"author":{"name":"letocar","@id":"https:\/\/letocar.com\/de\/#\/schema\/person\/e07fbbf870bfde1ff50b996fb4364505"},"headline":"FAB Design Porsche Panamera","datePublished":"2019-06-16T14:51:48+00:00","dateModified":"2019-06-24T12:56:25+00:00","mainEntityOfPage":{"@id":"https:\/\/letocar.com\/de\/fab-design-porsche-panamera\/"},"wordCount":331,"commentCount":0,"publisher":{"@id":"https:\/\/letocar.com\/de\/#\/schema\/person\/e07fbbf870bfde1ff50b996fb4364505"},"image":{"@id":"https:\/\/letocar.com\/de\/fab-design-porsche-panamera\/#primaryimage"},"thumbnailUrl":"https:\/\/letocar.com\/wp-content\/uploads\/2019\/06\/FAB-Design-Porsche-Panamera-Side-Top.jpg","articleSection":["F","FAB Design","Vehicles"],"inLanguage":"de","potentialAction":[{"@type":"CommentAction","name":"Comment","target":["https:\/\/letocar.com\/de\/fab-design-porsche-panamera\/#respond"]}]},{"@type":"WebPage","@id":"https:\/\/letocar.com\/de\/fab-design-porsche-panamera\/","url":"https:\/\/letocar.com\/de\/fab-design-porsche-panamera\/","name":"FAB Design Porsche Panamera: Ein breites Spektrum (2010)","isPartOf":{"@id":"https:\/\/letocar.com\/de\/#website"},"primaryImageOfPage":{"@id":"https:\/\/letocar.com\/de\/fab-design-porsche-panamera\/#primaryimage"},"image":{"@id":"https:\/\/letocar.com\/de\/fab-design-porsche-panamera\/#primaryimage"},"thumbnailUrl":"https:\/\/letocar.com\/wp-content\/uploads\/2019\/06\/FAB-Design-Porsche-Panamera-Side-Top.jpg","datePublished":"2019-06-16T14:51:48+00:00","dateModified":"2019-06-24T12:56:25+00:00","description":"FAB Design Porsche Panamera: Ein breites SpektrumFAB Design hat den neuen Porsche Panamera weiterentwickelt und das serienm\u00e4\u00dfige und konservative Produkt","breadcrumb":{"@id":"https:\/\/letocar.com\/de\/fab-design-porsche-panamera\/#breadcrumb"},"inLanguage":"de","potentialAction":[{"@type":"ReadAction","target":["https:\/\/letocar.com\/de\/fab-design-porsche-panamera\/"]}]},{"@type":"ImageObject","inLanguage":"de","@id":"https:\/\/letocar.com\/de\/fab-design-porsche-panamera\/#primaryimage","url":"https:\/\/letocar.com\/wp-content\/uploads\/2019\/06\/FAB-Design-Porsche-Panamera-Side-Top.jpg","contentUrl":"https:\/\/letocar.com\/wp-content\/uploads\/2019\/06\/FAB-Design-Porsche-Panamera-Side-Top.jpg","width":1544,"height":932,"caption":"FAB Design Porsche Panamera - Side Top"},{"@type":"BreadcrumbList","@id":"https:\/\/letocar.com\/de\/fab-design-porsche-panamera\/#breadcrumb","itemListElement":[{"@type":"ListItem","position":1,"name":"Portada","item":"https:\/\/letocar.com\/de\/marke-und-modelle\/"},{"@type":"ListItem","position":2,"name":"FAB Design Porsche Panamera"}]},{"@type":"WebSite","@id":"https:\/\/letocar.com\/de\/#website","url":"https:\/\/letocar.com\/de\/","name":"Letocar","description":"Automarken","publisher":{"@id":"https:\/\/letocar.com\/de\/#\/schema\/person\/e07fbbf870bfde1ff50b996fb4364505"},"potentialAction":[{"@type":"SearchAction","target":{"@type":"EntryPoint","urlTemplate":"https:\/\/letocar.com\/de\/?s={search_term_string}"},"query-input":{"@type":"PropertyValueSpecification","valueRequired":true,"valueName":"search_term_string"}}],"inLanguage":"de"},{"@type":["Person","Organization"],"@id":"https:\/\/letocar.com\/de\/#\/schema\/person\/e07fbbf870bfde1ff50b996fb4364505","name":"letocar","image":{"@type":"ImageObject","inLanguage":"de","@id":"https:\/\/letocar.com\/de\/#\/schema\/person\/image\/","url":"https:\/\/secure.gravatar.com\/avatar\/b08c9d4ae58d95ca8255e54f1b013571a142c6ad94983f02479bce2860597a63?s=96&d=mm&r=g","contentUrl":"https:\/\/secure.gravatar.com\/avatar\/b08c9d4ae58d95ca8255e54f1b013571a142c6ad94983f02479bce2860597a63?s=96&d=mm&r=g","caption":"letocar"},"logo":{"@id":"https:\/\/letocar.com\/de\/#\/schema\/person\/image\/"}}]}},"_links":{"self":[{"href":"https:\/\/letocar.com\/de\/wp-json\/wp\/v2\/posts\/3378","targetHints":{"allow":["GET"]}}],"collection":[{"href":"https:\/\/letocar.com\/de\/wp-json\/wp\/v2\/posts"}],"about":[{"href":"https:\/\/letocar.com\/de\/wp-json\/wp\/v2\/types\/post"}],"author":[{"embeddable":true,"href":"https:\/\/letocar.com\/de\/wp-json\/wp\/v2\/users\/1"}],"replies":[{"embeddable":true,"href":"https:\/\/letocar.com\/de\/wp-json\/wp\/v2\/comments?post=3378"}],"version-history":[{"count":0,"href":"https:\/\/letocar.com\/de\/wp-json\/wp\/v2\/posts\/3378\/revisions"}],"wp:featuredmedia":[{"embeddable":true,"href":"https:\/\/letocar.com\/de\/wp-json\/wp\/v2\/media\/3362"}],"wp:attachment":[{"href":"https:\/\/letocar.com\/de\/wp-json\/wp\/v2\/media?parent=3378"}],"wp:term":[{"taxonomy":"category","embeddable":true,"href":"https:\/\/letocar.com\/de\/wp-json\/wp\/v2\/categories?post=3378"},{"taxonomy":"post_tag","embeddable":true,"href":"https:\/\/letocar.com\/de\/wp-json\/wp\/v2\/tags?post=3378"}],"curies":[{"name":"wp","href":"https:\/\/api.w.org\/{rel}","templated":true}]}}